{"id":21920,"date":"2025-10-08T11:26:17","date_gmt":"2025-10-08T09:26:17","guid":{"rendered":"https:\/\/www.mk-journal.de\/?p=21920"},"modified":"2025-10-08T11:26:17","modified_gmt":"2025-10-08T09:26:17","slug":"schalksmuehle-erhaelt-foerdermittel-fuer-kulturzentrum","status":"publish","type":"post","link":"https:\/\/www.mk-journal.de\/index.php\/2025\/10\/08\/schalksmuehle-erhaelt-foerdermittel-fuer-kulturzentrum\/","title":{"rendered":"Schalksm\u00fchle erh\u00e4lt F\u00f6rdermittel f\u00fcr Kulturzentrum"},"content":{"rendered":"<p>(EB). Die Gemeinde Schalksm\u00fchle erh\u00e4lt eine F\u00f6rdersumme von 2.762.000 Euro aus Bund-L\u00e4nder-Programm \u201eLebendige Zentren\u201c. Am Dienstag, 7. Oktober, war Regierungspr\u00e4sident Heinrich B\u00f6ckel\u00fchr in Schalksm\u00fchle zu Gast und \u00fcberreichte den F\u00f6rderbescheid an B\u00fcrgermeister J\u00f6rg Sch\u00f6nenberg.<\/p>\n<p><strong>Kulturzentrum eine Bereicherung<\/strong><\/p>\n<p>\u201eIch freue mich, dass mit der Unterst\u00fctzung aus Bundes- und Landesmitteln hier ein neuer Ort der Gemeinschaft und der Begegnung f\u00fcr die B\u00fcrgerinnen und B\u00fcrger entstehen kann,\u201c betonte Heinrich B\u00f6ckel\u00fchr bei seinem Besuch. B\u00fcrgermeister J\u00f6rg Sch\u00f6nenberg erg\u00e4nzte: \u201eDas Kulturzentrum ist auf vielen Ebenen eine Bereicherung f\u00fcr unsere Kommune und wir sind gl\u00fccklich \u00fcber die finanzielle Unterst\u00fctzung durch das Land Nordrhein-Westfalen.\u201c Nun beginnt ein mehrj\u00e4hriges, st\u00e4dtebauliches Projekt basierend auf dem 2023 erarbeiteten integrierten st\u00e4dtebaulichen Entwicklungskonzept.<\/p>\n<p><strong>Name: &#8222;8Giebel&#8220;<\/strong><\/p>\n<p>Dieses bezieht sich auf das \u201eL\u00f6her Berg\u201c genannte Gebiet der Stadt, das vor allem durch Wohnsiedlungen gepr\u00e4gt ist. Dort befindet sich das Kernprojekt. Das umgestaltete Kreuzkirchen-Ensemble geh\u00f6rt der Gemeinde Schalksm\u00fchle und dient unter dem Namen \u201e8Giebel\u201c als kommunales Kulturzentrum. Der Name beruht auf den acht markanten Giebeln der ehemaligen Kirche. Das Zentrum wird bereits durch die Programme Dritte Orte und LEADER unterst\u00fctzt.<\/p>\n<p><strong>\u00d6ffnungszeiten erweitern<\/strong><\/p>\n<p>Dar\u00fcber hinaus handelt die Volkshochschule Volmetal erg\u00e4nzt und die R\u00e4umlichkeiten f\u00fcr die Musikschule neu gebaut. Ziel ist es, die Nutzungs- und \u00d6ffnungszeiten zu erweitern und damit Begegnungen und die Gemeinschaft zu f\u00f6rdern. So k\u00f6nnen die R\u00e4umlichkeiten in Zukunft noch st\u00e4rker f\u00fcr Veranstaltungen im Kontext des Kulturprogramms der Gemeinde Schalksm\u00fchle, f\u00fcr Angebote der Volkshochschule und der Musikschule sowie f\u00fcr kulturelle, bildungsbezogene und freizeitorientierte Veranstaltungen von Vereinen, Verb\u00e4nden, Institutionen und Privatpersonen genutzt werden.<\/p>\n","protected":false},"excerpt":{"rendered":"<p>(EB). Die Gemeinde Schalksm\u00fchle erh\u00e4lt eine F\u00f6rdersumme von 2.762.000 Euro  [&#8230;]<\/p>\n","protected":false},"author":3,"featured_media":21921,"comment_status":"closed","ping_status":"closed","sticky":false,"template":"","format":"standard","meta":{"two_page_speed":[],"footnotes":""},"categories":[9],"tags":[],"class_list":["post-21920","post","type-post","status-publish","format-standard","has-post-thumbnail","hentry","category-gute-nachricht"],"_links":{"self":[{"href":"https:\/\/www.mk-journal.de\/index.php\/wp-json\/wp\/v2\/posts\/21920","targetHints":{"allow":["GET"]}}],"collection":[{"href":"https:\/\/www.mk-journal.de\/index.php\/wp-json\/wp\/v2\/posts"}],"about":[{"href":"https:\/\/www.mk-journal.de\/index.php\/wp-json\/wp\/v2\/types\/post"}],"author":[{"embeddable":true,"href":"https:\/\/www.mk-journal.de\/index.php\/wp-json\/wp\/v2\/users\/3"}],"replies":[{"embeddable":true,"href":"https:\/\/www.mk-journal.de\/index.php\/wp-json\/wp\/v2\/comments?post=21920"}],"version-history":[{"count":1,"href":"https:\/\/www.mk-journal.de\/index.php\/wp-json\/wp\/v2\/posts\/21920\/revisions"}],"predecessor-version":[{"id":21922,"href":"https:\/\/www.mk-journal.de\/index.php\/wp-json\/wp\/v2\/posts\/21920\/revisions\/21922"}],"wp:featuredmedia":[{"embeddable":true,"href":"https:\/\/www.mk-journal.de\/index.php\/wp-json\/wp\/v2\/media\/21921"}],"wp:attachment":[{"href":"https:\/\/www.mk-journal.de\/index.php\/wp-json\/wp\/v2\/media?parent=21920"}],"wp:term":[{"taxonomy":"category","embeddable":true,"href":"https:\/\/www.mk-journal.de\/index.php\/wp-json\/wp\/v2\/categories?post=21920"},{"taxonomy":"post_tag","embeddable":true,"href":"https:\/\/www.mk-journal.de\/index.php\/wp-json\/wp\/v2\/tags?post=21920"}],"curies":[{"name":"wp","href":"https:\/\/api.w.org\/{rel}","templated":true}]}}