{"id":22054,"date":"2025-10-13T11:18:24","date_gmt":"2025-10-13T09:18:24","guid":{"rendered":"https:\/\/www.mk-journal.de\/?p=22054"},"modified":"2025-10-13T11:18:24","modified_gmt":"2025-10-13T09:18:24","slug":"sanierung-der-kreissporthalle-menden-im-plan","status":"publish","type":"post","link":"https:\/\/www.mk-journal.de\/index.php\/2025\/10\/13\/sanierung-der-kreissporthalle-menden-im-plan\/","title":{"rendered":"Sanierung der Kreissporthalle Menden im Plan"},"content":{"rendered":"<p>(pmk). Die Sanierung der Kreissporthalle am H\u00f6nne-Berufskolleg in Menden schreitet sichtbar voran. Die Halle ist seit dem 1. September 2024 gesperrt. Mehr als ein Jahr nach Beginn der Bauarbeiten sind die wesentlichen Abbruch- und Abdichtungsma\u00dfnahmen bereits abgeschlossen. Ein aktueller Stand.<\/p>\n<p><strong>Sanierung l\u00e4uft auf Hochtouren<\/strong><\/p>\n<p>Die Sanierung der gesperrten Sporthalle des H\u00f6nne-Berufskollegs des M\u00e4rkischen Kreises in Menden l\u00e4uft weiterhin auf Hochtouren. Wesentliche Abbruch- und Abdichtungsma\u00dfnahmen sind bereits abgeschlossen. Auch im Innenbereich hat sich viel getan: In den Nebenr\u00e4umen wurden inzwischen die Grundleitungen, Montagew\u00e4nde und Estriche fertiggestellt. Aktuell laufen dort die Putz- und Fliesenarbeiten. Au\u00dferdem werden die Dehnungsfugen im Bereich der Umkleider\u00e4ume von au\u00dfen abgedichtet.<\/p>\n<p><strong>Zeitlich und finanziell im Plan<\/strong><\/p>\n<p>In der eigentlichen Sporthalle sind die Abbruch- und Abdichtungsarbeiten ebenfalls beendet. Damit ist ein zentraler Meilenstein der umfassenden Sanierung erreicht. \u201eWir liegen sowohl zeitlich als auch finanziell im Plan\u201c, berichtet Markus Rahrbach, Fachdienstleiter Hochbau beim M\u00e4rkischen Kreis. \u201eAlle Beteiligten arbeiten eng zusammen, um den ambitionierten Zeitrahmen einzuhalten.\u201c<\/p>\n<p><strong>Innenausbau bis Weihnachten abgeschlossen<\/strong><\/p>\n<p>Bis zum Jahresende stehen nun die Ausbaugewerke im Fokus: In den Nebenr\u00e4umen folgen Putz-, Fliesen-, Bodenbelags-, Sanit\u00e4r- und Malerarbeiten, die voraussichtlich bis Ende November abgeschlossen sein werden. Ebenfalls im November werden zudem neue Innen- und Au\u00dfent\u00fcren eingebaut. Parallel dazu beginnt der Einbau des neuen Sportbodens samt Prallschutz und die Sanierung der Trib\u00fcne. Diese Arbeiten werden voraussichtlich vor Weihnachten abgeschlossen.<\/p>\n<p><strong>Kostenrahmen von 1,85 Mio. Euro wird eingehalten<\/strong><\/p>\n<p>Die Gesamtkosten der Bauma\u00dfnahme in H\u00f6he von rund 1,85 Millionen Euro k\u00f6nnen nach aktuellem Stand eingehalten werden. Damit bleibt auch der Zeitplan bestehen: Die Bauarbeiten sollen noch in diesem Jahr abgeschlossen werden, sodass die Halle Anfang 2026 wieder f\u00fcr den Schul- und Vereinssport zur Verf\u00fcgung steht.<\/p>\n<p><strong>Hintergrund<\/strong><\/p>\n<p>Die Kreissporthalle des H\u00f6nne-Berufskollegs des M\u00e4rkischen Kreises in Menden war im September 2024 wegen massiver Feuchtigkeitssch\u00e4den gesperrt worden. Nach intensiver Analyse entschied sich der Kreistag f\u00fcr eine wirtschaftliche L\u00f6sung: eine Abdichtung der Halle von innen. Im Zuge der Sanierung werden neben der Halle auch die Umkleiden, Duschen und der Fitnessraum vollst\u00e4ndig erneuert.<\/p>\n<p>Die Alternative einer aufwendigeren Au\u00dfenabdichtung wurde aufgrund der erheblich h\u00f6heren Kosten in H\u00f6he von rund 2,9 Millionen Euro und eines l\u00e4ngeren Bauzeitraums von etwa 15 Monaten im Kreistag verworfen. Ein kompletter Neubau der Halle war ebenfalls gepr\u00fcft worden, wurde jedoch wegen gesch\u00e4tzter Kosten in H\u00f6he von rund 13 Millionen Euro nicht weiterverfolgt.<\/p>\n","protected":false},"excerpt":{"rendered":"<p>(pmk). Die Sanierung der Kreissporthalle am H\u00f6nne-Berufskolleg in Menden schreitet  [&#8230;]<\/p>\n","protected":false},"author":3,"featured_media":22055,"comment_status":"closed","ping_status":"closed","sticky":false,"template":"","format":"standard","meta":{"two_page_speed":[],"footnotes":""},"categories":[9],"tags":[],"class_list":["post-22054","post","type-post","status-publish","format-standard","has-post-thumbnail","hentry","category-gute-nachricht"],"_links":{"self":[{"href":"https:\/\/www.mk-journal.de\/index.php\/wp-json\/wp\/v2\/posts\/22054","targetHints":{"allow":["GET"]}}],"collection":[{"href":"https:\/\/www.mk-journal.de\/index.php\/wp-json\/wp\/v2\/posts"}],"about":[{"href":"https:\/\/www.mk-journal.de\/index.php\/wp-json\/wp\/v2\/types\/post"}],"author":[{"embeddable":true,"href":"https:\/\/www.mk-journal.de\/index.php\/wp-json\/wp\/v2\/users\/3"}],"replies":[{"embeddable":true,"href":"https:\/\/www.mk-journal.de\/index.php\/wp-json\/wp\/v2\/comments?post=22054"}],"version-history":[{"count":1,"href":"https:\/\/www.mk-journal.de\/index.php\/wp-json\/wp\/v2\/posts\/22054\/revisions"}],"predecessor-version":[{"id":22056,"href":"https:\/\/www.mk-journal.de\/index.php\/wp-json\/wp\/v2\/posts\/22054\/revisions\/22056"}],"wp:featuredmedia":[{"embeddable":true,"href":"https:\/\/www.mk-journal.de\/index.php\/wp-json\/wp\/v2\/media\/22055"}],"wp:attachment":[{"href":"https:\/\/www.mk-journal.de\/index.php\/wp-json\/wp\/v2\/media?parent=22054"}],"wp:term":[{"taxonomy":"category","embeddable":true,"href":"https:\/\/www.mk-journal.de\/index.php\/wp-json\/wp\/v2\/categories?post=22054"},{"taxonomy":"post_tag","embeddable":true,"href":"https:\/\/www.mk-journal.de\/index.php\/wp-json\/wp\/v2\/tags?post=22054"}],"curies":[{"name":"wp","href":"https:\/\/api.w.org\/{rel}","templated":true}]}}