{"id":22168,"date":"2025-10-18T13:18:44","date_gmt":"2025-10-18T11:18:44","guid":{"rendered":"https:\/\/www.mk-journal.de\/?p=22168"},"modified":"2025-10-18T13:18:44","modified_gmt":"2025-10-18T11:18:44","slug":"kunst-aus-iserlohn-im-herzen-der-landespolitik","status":"publish","type":"post","link":"https:\/\/www.mk-journal.de\/index.php\/2025\/10\/18\/kunst-aus-iserlohn-im-herzen-der-landespolitik\/","title":{"rendered":"Kunst aus Iserlohn im Herzen der Landespolitik"},"content":{"rendered":"<h4><strong>Angela Boeckmann und Thorsten Schick er\u00f6ffnen Ausstellung im Landtag NRW <\/strong><\/h4>\n<p>(EB). Wenn Kunst und Politik aufeinandertreffen, entsteht Raum f\u00fcr neue Perspektiven: Am Donnerstag, 30. Oktober, er\u00f6ffnet die CDU-Landtagsfraktion Nordrhein-Westfalen eine neue Kunstausstellung in ihrem Foyer im Landtag. Thorsten Schick MdL, Vorsitzender der CDU-Landtagsfraktion, wird die Ausstellung \u201eMAGIE DER FARBEN\u201c gemeinsam mit der K\u00fcnstlerin Angela Boeckmann feierlich er\u00f6ffnen.<\/p>\n<p><strong>Kunst, Kultur und Begegnung<\/strong><\/p>\n<p>Beide stammen aus Iserlohn \u2013 ein Umstand, der der Veranstaltung eine besondere pers\u00f6nliche Note verleiht. Gemeinsam bringen sie k\u00fcnstlerisches Schaffen und politisches Engagement aus dem M\u00e4rkischen Kreis in das Zentrum der Landespolitik. Die Vernissage findet von 18 Uhr bis 21 Uhr statt. Besucherinnen und Besucher d\u00fcrfen sich auf einen anregenden Abend voller Kunst, Kultur und Begegnung freuen. Die Werke von Angela Boeckmann laden zum Innehalten ein, verbinden kraftvolle Farben mit feinen Strukturen und spiegeln emotionale Tiefe und Lebendigkeit wider.<\/p>\n<p><strong>Anmeldung erforderlich<\/strong><\/p>\n<p>Interessierte sind herzlich eingeladen, an der Ausstellungser\u00f6ffnung teilzunehmen und gemeinsam mit Thorsten Schick und Angela Boeckmann einen inspirierenden Abend im D\u00fcsseldorfer Landtag zu erleben. Weil die Pl\u00e4tze begrenzt sind, wird um verbindliche Anmeldung gebeten. Anmeldung gerne per E-Mail an: ute.hussmann@landtag.nrw.de.<\/p>\n<p><strong>Ausstellung bis 11. Dezember<\/strong><\/p>\n<p>Die Ausstellung ist vom 30. Oktober bis zum 11. Dezember im Foyer der CDU-Landtagsfraktion im Landtag Nordrhein-Westfalen zu sehen. Ein Besuch ist auch au\u00dferhalb der Er\u00f6ffnungsveranstaltung nach vorheriger Terminvereinbarung m\u00f6glich. F\u00fcr Terminvereinbarungen w\u00e4hrend der Ausstellungsdauer steht Ute Hussmann (Tel.: 0211\/884 2738) als Ansprechpartnerin zur Verf\u00fcgung.<\/p>\n","protected":false},"excerpt":{"rendered":"<p>Angela Boeckmann und Thorsten Schick er\u00f6ffnen Ausstellung im Landtag NRW  [&#8230;]<\/p>\n","protected":false},"author":3,"featured_media":22169,"comment_status":"closed","ping_status":"closed","sticky":false,"template":"","format":"standard","meta":{"two_page_speed":[],"footnotes":""},"categories":[7],"tags":[],"class_list":["post-22168","post","type-post","status-publish","format-standard","has-post-thumbnail","hentry","category-dies-und-das"],"_links":{"self":[{"href":"https:\/\/www.mk-journal.de\/index.php\/wp-json\/wp\/v2\/posts\/22168","targetHints":{"allow":["GET"]}}],"collection":[{"href":"https:\/\/www.mk-journal.de\/index.php\/wp-json\/wp\/v2\/posts"}],"about":[{"href":"https:\/\/www.mk-journal.de\/index.php\/wp-json\/wp\/v2\/types\/post"}],"author":[{"embeddable":true,"href":"https:\/\/www.mk-journal.de\/index.php\/wp-json\/wp\/v2\/users\/3"}],"replies":[{"embeddable":true,"href":"https:\/\/www.mk-journal.de\/index.php\/wp-json\/wp\/v2\/comments?post=22168"}],"version-history":[{"count":1,"href":"https:\/\/www.mk-journal.de\/index.php\/wp-json\/wp\/v2\/posts\/22168\/revisions"}],"predecessor-version":[{"id":22170,"href":"https:\/\/www.mk-journal.de\/index.php\/wp-json\/wp\/v2\/posts\/22168\/revisions\/22170"}],"wp:featuredmedia":[{"embeddable":true,"href":"https:\/\/www.mk-journal.de\/index.php\/wp-json\/wp\/v2\/media\/22169"}],"wp:attachment":[{"href":"https:\/\/www.mk-journal.de\/index.php\/wp-json\/wp\/v2\/media?parent=22168"}],"wp:term":[{"taxonomy":"category","embeddable":true,"href":"https:\/\/www.mk-journal.de\/index.php\/wp-json\/wp\/v2\/categories?post=22168"},{"taxonomy":"post_tag","embeddable":true,"href":"https:\/\/www.mk-journal.de\/index.php\/wp-json\/wp\/v2\/tags?post=22168"}],"curies":[{"name":"wp","href":"https:\/\/api.w.org\/{rel}","templated":true}]}}