{"id":22180,"date":"2025-10-20T10:36:48","date_gmt":"2025-10-20T08:36:48","guid":{"rendered":"https:\/\/www.mk-journal.de\/?p=22180"},"modified":"2025-10-20T10:36:48","modified_gmt":"2025-10-20T08:36:48","slug":"haben-sie-ein-eigenes-buero","status":"publish","type":"post","link":"https:\/\/www.mk-journal.de\/index.php\/2025\/10\/20\/haben-sie-ein-eigenes-buero\/","title":{"rendered":"&#8222;Haben Sie ein eigenes B\u00fcro?&#8220;"},"content":{"rendered":"<h4><strong>Grundsch\u00fcler besuchten Thorsten Schick im Landtag NRW<\/strong><\/h4>\n<p>(EB). Einen spannenden und lehrreichen Vormittag erlebten die Klassen 4a und 4b der Grundschule Lichte Kammer aus Iserlohn beim Besuch des Landtags Nordrhein-Westfalen in D\u00fcsseldorf. Begleitet wurden die Sch\u00fclerinnen und Sch\u00fcler von ihren Klassenlehrerinnen Rahel Schulte-Tillmann und Miriam Hennemann. Die Kinder reisten gespannt nach D\u00fcsseldorf, um Politik einmal hautnah zu erleben. Sie wurden nicht entt\u00e4uscht: Der Landtag hatte ein altersgerechtes und interaktives Programm vorbereitet, das den Viertkl\u00e4sslerinnen und Viertkl\u00e4sslern auf spielerische Weise das politische Geschehen in NRW n\u00e4herbrachte.<\/p>\n<p><strong>Platz im Plenarsaal genommen<\/strong><\/p>\n<p>Hier lernten die Kinder nicht nur, wie der Landtag funktioniert, wie Gesetze entstehen und was Abgeordnete eigentlich genau tun, sondern es wurde auch noch richtig spannend: Die Sch\u00fclerinnen und Sch\u00fcler schl\u00fcpften selbst in die Rolle von Abgeordneten, nahmen Platz im Plenarsaal und simulierten ihre eigene Debatte. Dabei wurden echte Argumente erarbeitet und mit viel Engagement vorgetragen \u2013 wie bei den Gro\u00dfen!<\/p>\n<p><strong>Jungen und M\u00e4dchen sehr interessiert<\/strong><\/p>\n<p>Ein weiterer Programmpunkt des Vormittags war ein Gespr\u00e4ch mit Thorsten Schick. Der CDU-Fraktionsvorsitzende nahm sich Zeit, um mit den Jungen und M\u00e4dchen ins Gespr\u00e4ch zu kommen \u2013 und stellte sich mutig der kindlichen Neugier. \u201eWas sind Ihre Aufgaben im Landtag?\u201c, \u201eHaben Sie ein eigenes B\u00fcro?\u201c oder \u201eWas gef\u00e4llt Ihnen an Ihrer Arbeit am besten?\u201c lauteten nur einige der Fragen, die den heimischen Politiker zum Schmunzeln brachten \u2013 und die er mit viel Begeisterung und anschaulich beantwortete.\u00a0\u201eEs ist beeindruckend, wie interessiert und engagiert die Kinder bei der Sache sind. Politik lebt vom Mitmachen \u2013 und genau das erleben sie hier\u201c, so Thorsten Schick nach dem Austausch mit den Sch\u00fclerinnen und Sch\u00fclern. F\u00fcr die Grundschulkinder war der Besuch im Landtag mehr als nur ein Ausflug: Politik wurde greifbar und verst\u00e4ndlich erkl\u00e4rt. Mit vielen neuen Eindr\u00fccken ging es am Nachmittag zur\u00fcck nach Iserlohn.<\/p>\n<p><strong>\u00a0<\/strong><\/p>\n","protected":false},"excerpt":{"rendered":"<p>Grundsch\u00fcler besuchten Thorsten Schick im Landtag NRW (EB). Einen spannenden  [&#8230;]<\/p>\n","protected":false},"author":3,"featured_media":22181,"comment_status":"closed","ping_status":"closed","sticky":false,"template":"","format":"standard","meta":{"two_page_speed":[],"footnotes":""},"categories":[7],"tags":[],"class_list":["post-22180","post","type-post","status-publish","format-standard","has-post-thumbnail","hentry","category-dies-und-das"],"_links":{"self":[{"href":"https:\/\/www.mk-journal.de\/index.php\/wp-json\/wp\/v2\/posts\/22180","targetHints":{"allow":["GET"]}}],"collection":[{"href":"https:\/\/www.mk-journal.de\/index.php\/wp-json\/wp\/v2\/posts"}],"about":[{"href":"https:\/\/www.mk-journal.de\/index.php\/wp-json\/wp\/v2\/types\/post"}],"author":[{"embeddable":true,"href":"https:\/\/www.mk-journal.de\/index.php\/wp-json\/wp\/v2\/users\/3"}],"replies":[{"embeddable":true,"href":"https:\/\/www.mk-journal.de\/index.php\/wp-json\/wp\/v2\/comments?post=22180"}],"version-history":[{"count":1,"href":"https:\/\/www.mk-journal.de\/index.php\/wp-json\/wp\/v2\/posts\/22180\/revisions"}],"predecessor-version":[{"id":22182,"href":"https:\/\/www.mk-journal.de\/index.php\/wp-json\/wp\/v2\/posts\/22180\/revisions\/22182"}],"wp:featuredmedia":[{"embeddable":true,"href":"https:\/\/www.mk-journal.de\/index.php\/wp-json\/wp\/v2\/media\/22181"}],"wp:attachment":[{"href":"https:\/\/www.mk-journal.de\/index.php\/wp-json\/wp\/v2\/media?parent=22180"}],"wp:term":[{"taxonomy":"category","embeddable":true,"href":"https:\/\/www.mk-journal.de\/index.php\/wp-json\/wp\/v2\/categories?post=22180"},{"taxonomy":"post_tag","embeddable":true,"href":"https:\/\/www.mk-journal.de\/index.php\/wp-json\/wp\/v2\/tags?post=22180"}],"curies":[{"name":"wp","href":"https:\/\/api.w.org\/{rel}","templated":true}]}}