{"id":22260,"date":"2025-10-23T09:08:40","date_gmt":"2025-10-23T07:08:40","guid":{"rendered":"https:\/\/www.mk-journal.de\/?p=22260"},"modified":"2025-10-23T09:08:40","modified_gmt":"2025-10-23T07:08:40","slug":"suedwestfalen-auf-der-smart-country-convention","status":"publish","type":"post","link":"https:\/\/www.mk-journal.de\/index.php\/2025\/10\/23\/suedwestfalen-auf-der-smart-country-convention\/","title":{"rendered":"S\u00fcdwestfalen auf der Smart Country Convention"},"content":{"rendered":"<p>(EB). Auf der Smart Country Convention \u2013 der f\u00fchrenden Messe f\u00fcr die Zukunft der digitalen Verwaltung und intelligenter St\u00e4dte \u2013 zeigte die Region S\u00fcdwestfalen mit Beispielen der REGIONALE 2025 und dem Modellprojekt \u201eSmart Cities: 5 f\u00fcr S\u00fcdwestfalen\u201c erneut, wie innovativ und stark der l\u00e4ndliche Raum sein kann. Mit SWCode, spotAR, \/\/P-CATION, eks Engel sowie der Hansestadt Attendorn waren zum ersten Mal f\u00fcnf Unternehmen aus S\u00fcdwestfalen als offizielle Partner mit dabei. An ihrem Stand zeigte die Region so, wie wirtschaftliche St\u00e4rke und digitale Zukunftsprojekte in S\u00fcdwestfalen Hand in Hand gehen.<\/p>\n<p><strong>Innovative Mobilit\u00e4tsl\u00f6sungen<\/strong><\/p>\n<p>In drei praxisnahen Impulsen pr\u00e4sentierten Vertreter:innen aus Kommunen und regionalen Unternehmen smarte Projekte aus der Region. Im Fokus standen dabei innovative Mobilit\u00e4tsl\u00f6sungen f\u00fcr den l\u00e4ndlichen Raum z. B. aus der Stadt Soest, der Einsatz von Klimadaten und digitalen Zwillingen f\u00fcr eine nachhaltige Stadtentwicklung \u2013 umgesetzt beispielsweise in den Kommunen Arnsberg und Bad Berleburg, sowie neue digitale Formate zur Belebung von Innenst\u00e4dten am Beispiel der St\u00e4dte Olpe und Menden.<\/p>\n<p><strong>Eine Region mit Vorbildcharakter<\/strong><\/p>\n<p>\u201eWir konnten dem Fachpublikum mitgeben, wie wir hier in S\u00fcdwestfalen digitale L\u00f6sungen nutzen, um ganz konkret die Lebensqualit\u00e4t der B\u00fcrgerinnen und B\u00fcrger zu steigern und gleichzeitig an der Zukunftsf\u00e4higkeit der Region zu arbeiten\u201c, freute sich Katharina Hogrebe, Projektmanagerin \u201eSmart City\u201c bei der S\u00fcdwestfalen Agentur, die den Messeauftritt organisierte. Eine Besonderheit in S\u00fcdwestfalen sei dabei die gelebte Kooperation, nicht nur unter den Kommunen, sondern auch im Schulterschluss mit Wirtschaftsunternehmen.<\/p>\n<p><strong>Messeauftritt wichtiger Schritt<\/strong><\/p>\n<p>\u201eF\u00fcr uns als Region war der Auftritt auf der Smart Country Convention ein wichtiger Schritt, um als zukunftsf\u00e4hige, digitale und vernetzte Region noch sichtbarer zu werden. Unser Ziel ist dabei ganz klar, deutschlandweit Vorreiter zu sein f\u00fcr eine smarte l\u00e4ndliche Entwicklung\u201c, res\u00fcmierten Hubertus Winterberg (Gesch\u00e4ftsf\u00fchrer) und Dr. Stephanie Arens (Leiterin Regionale Entwicklung) von der S\u00fcdwestfalen Agentur den Messeauftritt.<\/p>\n<p><strong>Hochrangiger Besuch am Stand<\/strong><\/p>\n<p>Die Strategie der Region S\u00fcdwestfalen mit der REGIONALE 2025 und dem Smart-City-Modellprojekt interessierte nicht nur das Fachpublikum, sondern auch Entscheidungstr\u00e4ger aus Politik und Ministerien. So informierten sich beispielsweise Sabine Poschmann, Parlamentarische Staatssekret\u00e4rin des Bauministeriums f\u00fcr Wohnen, Stadtentwicklung und Bauwesen, Dr. Margareta B\u00fcning-Fesel, Pr\u00e4sidentin der Bundesanstalt f\u00fcr Landwirtschaft und Ern\u00e4hrung (BLE), und auch Dr. Klaus Heider, Abteilungsleiter f\u00fcr L\u00e4ndliche Entwicklung, Digitalpolitik und Innovation im Bundesministerium f\u00fcr Ern\u00e4hrung, Landwirtschaft und Heimat, \u00fcber die neuesten Entwicklungen in der Region.<\/p>\n<p><strong>2026 Stand auf der polis convention<\/strong><\/p>\n<p>Auch f\u00fcr das n\u00e4chste Jahr plant die Region S\u00fcdwestfalen wieder eine Pr\u00e4senz auf der Smart Country Convention. Dar\u00fcber hinaus ist vom 06. bis 07. Mai 2026 auch ein s\u00fcdwestf\u00e4lischer Gemeinschaftsstand auf der polis convention in D\u00fcsseldorf geplant \u2013 einer der f\u00fchrenden Messen f\u00fcr Stadt- und Projektentwicklung in Deutschland. Kommunen und Unternehmen, die Interesse an einer Beteiligung haben, k\u00f6nnen sich bereits jetzt an Katharina Hogrebe (<a href=\"mailto:k.hogrebe@suedwestfalen.com\">k.hogrebe@suedwestfalen.com<\/a>) f\u00fcr die Smart Country Convention und an Samira Neuhaus (<a href=\"mailto:s.neuhaus@suedwestfalen.com\">s.neuhaus@suedwestfalen.com<\/a>) f\u00fcr die polis convention wenden.<\/p>\n","protected":false},"excerpt":{"rendered":"<p>(EB). Auf der Smart Country Convention \u2013 der f\u00fchrenden Messe  [&#8230;]<\/p>\n","protected":false},"author":3,"featured_media":22262,"comment_status":"closed","ping_status":"closed","sticky":false,"template":"","format":"standard","meta":{"two_page_speed":[],"footnotes":""},"categories":[7],"tags":[],"class_list":["post-22260","post","type-post","status-publish","format-standard","has-post-thumbnail","hentry","category-dies-und-das"],"_links":{"self":[{"href":"https:\/\/www.mk-journal.de\/index.php\/wp-json\/wp\/v2\/posts\/22260","targetHints":{"allow":["GET"]}}],"collection":[{"href":"https:\/\/www.mk-journal.de\/index.php\/wp-json\/wp\/v2\/posts"}],"about":[{"href":"https:\/\/www.mk-journal.de\/index.php\/wp-json\/wp\/v2\/types\/post"}],"author":[{"embeddable":true,"href":"https:\/\/www.mk-journal.de\/index.php\/wp-json\/wp\/v2\/users\/3"}],"replies":[{"embeddable":true,"href":"https:\/\/www.mk-journal.de\/index.php\/wp-json\/wp\/v2\/comments?post=22260"}],"version-history":[{"count":3,"href":"https:\/\/www.mk-journal.de\/index.php\/wp-json\/wp\/v2\/posts\/22260\/revisions"}],"predecessor-version":[{"id":22264,"href":"https:\/\/www.mk-journal.de\/index.php\/wp-json\/wp\/v2\/posts\/22260\/revisions\/22264"}],"wp:featuredmedia":[{"embeddable":true,"href":"https:\/\/www.mk-journal.de\/index.php\/wp-json\/wp\/v2\/media\/22262"}],"wp:attachment":[{"href":"https:\/\/www.mk-journal.de\/index.php\/wp-json\/wp\/v2\/media?parent=22260"}],"wp:term":[{"taxonomy":"category","embeddable":true,"href":"https:\/\/www.mk-journal.de\/index.php\/wp-json\/wp\/v2\/categories?post=22260"},{"taxonomy":"post_tag","embeddable":true,"href":"https:\/\/www.mk-journal.de\/index.php\/wp-json\/wp\/v2\/tags?post=22260"}],"curies":[{"name":"wp","href":"https:\/\/api.w.org\/{rel}","templated":true}]}}