{"id":22271,"date":"2025-10-23T09:30:09","date_gmt":"2025-10-23T07:30:09","guid":{"rendered":"https:\/\/www.mk-journal.de\/?p=22271"},"modified":"2025-10-23T09:30:09","modified_gmt":"2025-10-23T07:30:09","slug":"vortrag-zu-den-kriegstoten-iserlohns-von-1914-bis-1918","status":"publish","type":"post","link":"https:\/\/www.mk-journal.de\/index.php\/2025\/10\/23\/vortrag-zu-den-kriegstoten-iserlohns-von-1914-bis-1918\/","title":{"rendered":"Vortrag zu den Kriegstoten Iserlohns von 1914 bis 1918"},"content":{"rendered":"<h4>Dr. Walter Wehner referiert \u00fcber die Erinnerungskultur f\u00fcr Gefallene des Ersten Weltkriegs<\/h4>\n<p><strong>(<\/strong>PSI) Die stadtgeschichtliche Vortragsreihe des Stadtarchivs Iserlohn wird am Dienstag, 28. Oktober, fortgesetzt. Der Literaturwissenschaftler und Lokalgeschichtsforscher Dr. Walter Wehner aus Iserlohn referiert \u00fcber die Erinnerungskultur f\u00fcr die Kriegstoten des Ersten Weltkriegs in Iserlohn. Der Vortrag beginnt um 18.30 Uhr im Fanny-van-Hees-Saal der Volkshochschule (VHS) Iserlohn im Stadtbahnhof, Bahnhofsplatz 2. Der Eintritt kostet sechs Euro, Erm\u00e4\u00dfigungsberechtigte zahlen drei Euro. Eine Anmeldung ist nicht erforderlich. Kooperationspartner der stadtgeschichtlichen Vortragsreihe ist die VHS Iserlohn.<\/p>\n<p><strong>Gedenken in vielf\u00e4ltiger Weise<\/strong><\/p>\n<p>In Iserlohn gedachte man der Gefallenen des Ersten Weltkrieges auf vielf\u00e4ltige Weise. Die Presse publizierte Ausz\u00fcge aus den amtlichen Verlustlisten, druckte regelm\u00e4\u00dfig Ehrentafeln mit den lokalen \u201eHelden\u201c und ver\u00f6ffentlichte Todesanzeigen von Angeh\u00f6rigen, Arbeitgebern und Vereinen. Letztere k\u00fcmmerten sich besonders um die Errichtung von Ehrenmalen und Gedenktafeln. Die Stadt Iserlohn errichtete ein Ehrenfeld mit einem Denkmal auf dem Hauptfriedhof, die Kirchengemeinden gedachten ihrer Kriegstoten mit Tafeln in und an den Gottesh\u00e4usern.<\/p>\n<p><strong>Vortrag gibt \u00dcberblick<\/strong><\/p>\n<p>In den Jahren nach dem Ersten Weltkrieg waren die Denkm\u00e4ler auch Versammlungsorte f\u00fcr Vereine und Verb\u00e4nde und vor allem Treffpunkte f\u00fcr die Gedenkfeiern am Volkstrauertag. In der NS-Zeit dienten sie propagandistischen Ma\u00dfnahmen zur St\u00e4rkung von Wehrmacht, Kriegsbegeisterung und Opferbereitschaft. Der Vortrag vermittelt einen \u00dcberblick, der die Erinnerungskultur f\u00fcr die Toten des Ersten Weltkrieges in der Stadt Iserlohn sowie ihren Stadtteilen sichtbar macht.<\/p>\n","protected":false},"excerpt":{"rendered":"<p>Dr. Walter Wehner referiert \u00fcber die Erinnerungskultur f\u00fcr Gefallene des  [&#8230;]<\/p>\n","protected":false},"author":3,"featured_media":22272,"comment_status":"closed","ping_status":"closed","sticky":false,"template":"","format":"standard","meta":{"two_page_speed":[],"footnotes":""},"categories":[13],"tags":[],"class_list":["post-22271","post","type-post","status-publish","format-standard","has-post-thumbnail","hentry","category-was-und-wo"],"_links":{"self":[{"href":"https:\/\/www.mk-journal.de\/index.php\/wp-json\/wp\/v2\/posts\/22271","targetHints":{"allow":["GET"]}}],"collection":[{"href":"https:\/\/www.mk-journal.de\/index.php\/wp-json\/wp\/v2\/posts"}],"about":[{"href":"https:\/\/www.mk-journal.de\/index.php\/wp-json\/wp\/v2\/types\/post"}],"author":[{"embeddable":true,"href":"https:\/\/www.mk-journal.de\/index.php\/wp-json\/wp\/v2\/users\/3"}],"replies":[{"embeddable":true,"href":"https:\/\/www.mk-journal.de\/index.php\/wp-json\/wp\/v2\/comments?post=22271"}],"version-history":[{"count":1,"href":"https:\/\/www.mk-journal.de\/index.php\/wp-json\/wp\/v2\/posts\/22271\/revisions"}],"predecessor-version":[{"id":22273,"href":"https:\/\/www.mk-journal.de\/index.php\/wp-json\/wp\/v2\/posts\/22271\/revisions\/22273"}],"wp:featuredmedia":[{"embeddable":true,"href":"https:\/\/www.mk-journal.de\/index.php\/wp-json\/wp\/v2\/media\/22272"}],"wp:attachment":[{"href":"https:\/\/www.mk-journal.de\/index.php\/wp-json\/wp\/v2\/media?parent=22271"}],"wp:term":[{"taxonomy":"category","embeddable":true,"href":"https:\/\/www.mk-journal.de\/index.php\/wp-json\/wp\/v2\/categories?post=22271"},{"taxonomy":"post_tag","embeddable":true,"href":"https:\/\/www.mk-journal.de\/index.php\/wp-json\/wp\/v2\/tags?post=22271"}],"curies":[{"name":"wp","href":"https:\/\/api.w.org\/{rel}","templated":true}]}}