{"id":22278,"date":"2025-10-23T11:01:02","date_gmt":"2025-10-23T09:01:02","guid":{"rendered":"https:\/\/www.mk-journal.de\/?p=22278"},"modified":"2025-10-23T11:01:02","modified_gmt":"2025-10-23T09:01:02","slug":"winter-spektakulum-auf-burg-altena","status":"publish","type":"post","link":"https:\/\/www.mk-journal.de\/index.php\/2025\/10\/23\/winter-spektakulum-auf-burg-altena\/","title":{"rendered":"Winter-Spektakulum auf Burg Altena"},"content":{"rendered":"<h4>Magie, Musik und Lichterglanz zum Adventsbeginn<\/h4>\n<p>(pmk). Am ersten Adventswochenende &#8211; 28. bis 30. November, verwandelt sich die historische Burg Altena wieder in eine eindrucksvolle Kulisse f\u00fcr das Winter-Spektakulum. Drei Tage steht die H\u00f6henburg ganz im Zeichen von Licht, Musik und Fantasie. Das Winter-Spektakulum entf\u00fchrt diesmal in das viktorianische Zeitalter nach dem Vorbild von Charles Dickens. Zwischen alten Mauern, Feuerschein und liebevoll dekorierten St\u00e4nden entsteht ein besonderes Flair, das Geschichte, Kultur und festliche Stimmung auf einzigartige Weise verbindet.<\/p>\n<p><strong>Vielseitiges Programm<\/strong><\/p>\n<p>Ein vielseitiges Programm sorgt f\u00fcr Unterhaltung und Staunen: Live-Musik \u2013 unter anderem mit der mitrei\u00dfenden Folk-Rock-Band Harmony Glen \u2013 erf\u00fcllt die H\u00f6fe der Burg, w\u00e4hrend imposante Feuershows am Abend und fantasievolle Walking Acts das Publikum in ihren Bann ziehen. Handwerk, Kunst und Kulinarik bilden den passenden Rahmen f\u00fcr ein sinnliches Erlebnis, das alle Generationen anspricht. Auch f\u00fcr Kinder gibt es beim Winter-Spektakulum viel zu entdecken: Eine Geschichtenh\u00e4ndlerin entf\u00fchrt das junge Publikum in eine Welt voller M\u00e4rchen und Magie, Weihnachtsmann und Schneek\u00f6nigin sorgen f\u00fcr funkelnde Augen und festliche Begegnungen und bei verschiedenen Mitmachaktionen im Museum k\u00f6nnen kleine G\u00e4ste selbst kreativ werden.<\/p>\n<p><strong>F\u00fchrungen um die Burg<\/strong><\/p>\n<p>Wer mehr \u00fcber die bewegte Geschichte der H\u00f6henburg erfahren m\u00f6chte, kann an spannenden F\u00fchrungen in und um die Burg Altena teilnehmen. Die Burg zeigt sich dabei nicht nur als historischer Schauplatz, sondern auch als lebendiger Ort voller Geschichten und Begegnungen. Wenn sich am Abend die Dunkelheit \u00fcber die Burg legt, verwandelt die kunstvolle Illumination die Mauern, T\u00fcrme und H\u00f6fe in ein m\u00e4rchenhaftes Lichtermeer. Das Spiel aus Licht, Schatten und Klang schafft eine Atmosph\u00e4re, die den Beginn der Adventszeit auf ganz besondere Weise einl\u00e4utet.<\/p>\n<p><strong>Zahlreiche St\u00e4nde<\/strong><\/p>\n<p>Neben dem kulturellen Programm laden zahlreiche St\u00e4nde mit Kunsthandwerk, Geschenkideen und winterlichen Leckereien zum Bummeln, Probieren und Verweilen ein. Von handgefertigten Schmuckst\u00fccken, Imkerwaren, bis hin zu duftenden Speisen und w\u00e4rmenden Getr\u00e4nken \u2013 das Winter-Spektakulum vereint historische Kulisse, k\u00fcnstlerische Vielfalt und vorweihnachtliche Freude zu einem Erlebnis f\u00fcr die ganze Familie.<\/p>\n<p><strong>Kinder unter sechs haben freien Eintritt<\/strong><\/p>\n<p>Die Veranstaltung findet am Freitag, 28.November, von 17 bis 22 Uhr, am Samstag, 29. November, von 11 bis 22 Uhr und am Sonntag, 30. November, von 11 bis 18 Uhr statt. Der Eintritt betr\u00e4gt f\u00fcnf Euro f\u00fcr Erwachsene und zwei Euro f\u00fcr Kinder und Jugendliche von sechs bis 17 Jahren, Kinder unter sechs Jahren haben freien Eintritt. Im Preis enthalten ist auch der Besuch der Museen auf Burg Altena.<\/p>\n<p><strong>Weitere Informationen zum Programm, zu beteiligten K\u00fcnstlerinnen und K\u00fcnstlern sowie zur Anreise sind unter <a href=\"http:\/\/www.burg-altena.de\">www.burg-altena.de<\/a> abrufbar.<\/strong><\/p>\n","protected":false},"excerpt":{"rendered":"<p>Magie, Musik und Lichterglanz zum Adventsbeginn (pmk). Am ersten Adventswochenende  [&#8230;]<\/p>\n","protected":false},"author":3,"featured_media":22281,"comment_status":"closed","ping_status":"closed","sticky":false,"template":"","format":"standard","meta":{"two_page_speed":[],"footnotes":""},"categories":[11,13],"tags":[],"class_list":["post-22278","post","type-post","status-publish","format-standard","has-post-thumbnail","hentry","category-maerkischer-kreis","category-was-und-wo"],"_links":{"self":[{"href":"https:\/\/www.mk-journal.de\/index.php\/wp-json\/wp\/v2\/posts\/22278","targetHints":{"allow":["GET"]}}],"collection":[{"href":"https:\/\/www.mk-journal.de\/index.php\/wp-json\/wp\/v2\/posts"}],"about":[{"href":"https:\/\/www.mk-journal.de\/index.php\/wp-json\/wp\/v2\/types\/post"}],"author":[{"embeddable":true,"href":"https:\/\/www.mk-journal.de\/index.php\/wp-json\/wp\/v2\/users\/3"}],"replies":[{"embeddable":true,"href":"https:\/\/www.mk-journal.de\/index.php\/wp-json\/wp\/v2\/comments?post=22278"}],"version-history":[{"count":1,"href":"https:\/\/www.mk-journal.de\/index.php\/wp-json\/wp\/v2\/posts\/22278\/revisions"}],"predecessor-version":[{"id":22280,"href":"https:\/\/www.mk-journal.de\/index.php\/wp-json\/wp\/v2\/posts\/22278\/revisions\/22280"}],"wp:featuredmedia":[{"embeddable":true,"href":"https:\/\/www.mk-journal.de\/index.php\/wp-json\/wp\/v2\/media\/22281"}],"wp:attachment":[{"href":"https:\/\/www.mk-journal.de\/index.php\/wp-json\/wp\/v2\/media?parent=22278"}],"wp:term":[{"taxonomy":"category","embeddable":true,"href":"https:\/\/www.mk-journal.de\/index.php\/wp-json\/wp\/v2\/categories?post=22278"},{"taxonomy":"post_tag","embeddable":true,"href":"https:\/\/www.mk-journal.de\/index.php\/wp-json\/wp\/v2\/tags?post=22278"}],"curies":[{"name":"wp","href":"https:\/\/api.w.org\/{rel}","templated":true}]}}