{"id":22345,"date":"2025-10-27T13:51:47","date_gmt":"2025-10-27T11:51:47","guid":{"rendered":"https:\/\/www.mk-journal.de\/?p=22345"},"modified":"2025-10-27T13:51:47","modified_gmt":"2025-10-27T11:51:47","slug":"19-sprachcamp-in-kooperation-mit-dem-waldpaedagogischen-zentrum","status":"publish","type":"post","link":"https:\/\/www.mk-journal.de\/index.php\/2025\/10\/27\/19-sprachcamp-in-kooperation-mit-dem-waldpaedagogischen-zentrum\/","title":{"rendered":"19. Sprachcamp in Kooperation mit dem \u201eWaldp\u00e4dagogischen Zentrum\u201c"},"content":{"rendered":"<p>(PSI). 30 Sch\u00fclerinnen und Sch\u00fcler der S\u00fcdschule und der Burgschule Iserlohn verbrachten ihre Herbstferien im Wald und auf den Wiesen des Waldp\u00e4dagogischen Zentrums des M\u00e4rkischen Kreises in Letmathe. Der Lernort Natur bot den Kindern, die zumeist aus Syrien, der T\u00fcrkei, Bulgarien, Polen und der Ukraine kommen, intensive und ganzheitliche Lernm\u00f6glichkeiten f\u00fcr ihre Zweitsprache Deutsch. Der Wald und die Natur sind gerade in diesen Zeiten ein anregendes wie auch gesundes Lernfeld. Auf Empfehlung der jeweiligen Klassenlehrerin bekommen die Kinder eine Anmeldung f\u00fcr das Sprachcamp.<\/p>\n<p><strong>Forschungsauftr\u00e4ge erf\u00fcllt<\/strong><\/p>\n<p>F\u00fcr viele Kinder ist es ein Abenteuer, bei Wind und Wetter \u00fcber einen so langen Zeitraum drau\u00dfen zu sein und mit allen Sinnen die Natur zu erfahren. Sie bauten Waldsofas, die zu ihren \u201eWohnzimmern\u201c wurden. Die Kinder erhielten Forschungsauftr\u00e4ge und traten in angeregte Dialoge miteinander. Die neu gelernten Worte wurden unter anderem in \u201eW\u00f6rtergl\u00e4sern\u201c gesammelt. Die Kinder lernten, genau hinzuschauen, und entdeckten dadurch Pflanzen und kleine Tiere. Sie wurden angeregt, die Farben, Formen und Namen zu benennen. Die Gruppenleiterinnen boten kleine Werkst\u00e4tten an, um das Sprechen, Rechnen, Z\u00e4hlen und Schreiben herauszufordern.<\/p>\n<p><strong>Rohkost zubereitet<\/strong><\/p>\n<p>Jeden Tag bereitete eine kleine Gruppe die Rohkost f\u00fcr alle zu. Sie schnitten Gurken, Paprika, M\u00f6hren, \u00c4pfel und Bananen und nutzten auch diese T\u00e4tigkeit, um alles zu benennen und in ganzen S\u00e4tzen zu sprechen. Denn oftmals fehlen den Kindern die Verben und die Artikel, um fl\u00fcssig zu sprechen. Dieser Prozess wurde durch das Singen von Camp-Liedern zum Spracherwerb unterst\u00fctzt.<\/p>\n<p><strong>Unterst\u00fctzung von Team Waldschule<\/strong><\/p>\n<p>Das Camp fand zum 13. Mal in Kooperation mit dem Waldp\u00e4dagogischen Zentrum statt und wurde tatkr\u00e4ftig vom Team der Waldschule, insbesondere von Burkhard Laaser, unterst\u00fctzt. Er res\u00fcmierte: \u201eEs ist ein echter Quantensprung in der Sprache nach nur zehn Tagen.\u201c Im gr\u00fcnen Klassenzimmer wurden alle mit einem warmen Mittagessen von Krug Catering aus Letmathe verk\u00f6stigt.<\/p>\n<p><strong>Eingespieltes Team<\/strong><\/p>\n<p>Organisiert und begleitet wurde das Sprachcamp von Jana Marek aus der Abteilung P\u00e4dagogik bei der Stadt Iserlohn. Im eingespielten Team arbeiteten Maria Gandul, Alin Geitmann-Rompza, Krista Krampe und Kathrin J\u00e4ger. Unterst\u00fctzt wurden sie von Miguel Br\u00fcckner-Russello, Alessio Borrello und Tim Meidow, die im Rahmen ihres Praktikums mitwirkten.<\/p>\n<p><strong>Urkunden \u00fcberreicht<\/strong><\/p>\n<p>Am Freitag endete das zehnt\u00e4gige Sprachcamp und die Kinder erhielten ihre Urkunden und Waldhefte. Wichtig ist, dass sie damit einen Gespr\u00e4chsanlass haben, um das Erlebte zu Hause und in der Schule zu erz\u00e4hlen. Dadurch wird die Sprache weiter gefestigt.<\/p>\n<p>&nbsp;<\/p>\n<hr \/>\n","protected":false},"excerpt":{"rendered":"<p>(PSI). 30 Sch\u00fclerinnen und Sch\u00fcler der S\u00fcdschule und der Burgschule  [&#8230;]<\/p>\n","protected":false},"author":3,"featured_media":22346,"comment_status":"closed","ping_status":"closed","sticky":false,"template":"","format":"standard","meta":{"two_page_speed":[],"footnotes":""},"categories":[10],"tags":[],"class_list":["post-22345","post","type-post","status-publish","format-standard","has-post-thumbnail","hentry","category-staedte-und-gemeinden"],"_links":{"self":[{"href":"https:\/\/www.mk-journal.de\/index.php\/wp-json\/wp\/v2\/posts\/22345","targetHints":{"allow":["GET"]}}],"collection":[{"href":"https:\/\/www.mk-journal.de\/index.php\/wp-json\/wp\/v2\/posts"}],"about":[{"href":"https:\/\/www.mk-journal.de\/index.php\/wp-json\/wp\/v2\/types\/post"}],"author":[{"embeddable":true,"href":"https:\/\/www.mk-journal.de\/index.php\/wp-json\/wp\/v2\/users\/3"}],"replies":[{"embeddable":true,"href":"https:\/\/www.mk-journal.de\/index.php\/wp-json\/wp\/v2\/comments?post=22345"}],"version-history":[{"count":1,"href":"https:\/\/www.mk-journal.de\/index.php\/wp-json\/wp\/v2\/posts\/22345\/revisions"}],"predecessor-version":[{"id":22347,"href":"https:\/\/www.mk-journal.de\/index.php\/wp-json\/wp\/v2\/posts\/22345\/revisions\/22347"}],"wp:featuredmedia":[{"embeddable":true,"href":"https:\/\/www.mk-journal.de\/index.php\/wp-json\/wp\/v2\/media\/22346"}],"wp:attachment":[{"href":"https:\/\/www.mk-journal.de\/index.php\/wp-json\/wp\/v2\/media?parent=22345"}],"wp:term":[{"taxonomy":"category","embeddable":true,"href":"https:\/\/www.mk-journal.de\/index.php\/wp-json\/wp\/v2\/categories?post=22345"},{"taxonomy":"post_tag","embeddable":true,"href":"https:\/\/www.mk-journal.de\/index.php\/wp-json\/wp\/v2\/tags?post=22345"}],"curies":[{"name":"wp","href":"https:\/\/api.w.org\/{rel}","templated":true}]}}