{"id":22457,"date":"2025-11-02T11:37:14","date_gmt":"2025-11-02T09:37:14","guid":{"rendered":"https:\/\/www.mk-journal.de\/?p=22457"},"modified":"2025-11-02T11:37:14","modified_gmt":"2025-11-02T09:37:14","slug":"gemeinschaftsgefuehl-ist-hier-ein-ganz-grosses-ding","status":"publish","type":"post","link":"https:\/\/www.mk-journal.de\/index.php\/2025\/11\/02\/gemeinschaftsgefuehl-ist-hier-ein-ganz-grosses-ding\/","title":{"rendered":"Gemeinschaftsgef\u00fchl ist hier ein ganz gro\u00dfes Ding"},"content":{"rendered":"<h4><strong><span style=\"font-family: 'Arial',sans-serif;\">Tag der offenen T\u00fcr im KOSH des LWL-Wohnverbundes Hemer<\/span><\/strong><\/h4>\n<p>(lwl). Im Karl-Otto-Stoffer-Haus (KOSH) des LWL-Wohnverbunds Hemer erhalten Menschen mit einer Abh\u00e4ngigkeitserkrankung Unterst\u00fctzung, wieder in ein geregeltes Leben zur\u00fcckzufinden. Bei einem Tag der offenen T\u00fcr hatten alle Neugierigen nun die Gelegenheit, sich das KOSH des Landschaftsverbandes Westfalen-Lippe (LWL) aus n\u00e4chster N\u00e4he anzusehen. Die kommissarische Teamleitung Lena Wagner f\u00fchrte mit ihren Kolleginnen und Kollegen durch die Einrichtung und erkl\u00e4rte das Konzept des KOSH, das im Fachjargon als Besondere Wohnform f\u00fcr Menschen mit einer Abh\u00e4ngigkeitserkrankung bezeichnet wird. &#8222;Das Gemeinschaftsgef\u00fchl ist hier ein ganz gro\u00dfes Ding&#8220;, sagte die studierte Rehabilitations-P\u00e4dagogin.<\/p>\n<p><strong>24 Menschen leben im Haus<\/strong><\/p>\n<p>24 Menschen mit Abh\u00e4ngigkeitserkrankungen leben in dem Haus an der Fr\u00f6nsberger Stra\u00dfe 81. Gemeinsam arbeiten sie daran, ein geregeltes Leben ohne Rauschmittel f\u00fchren zu k\u00f6nnen. Die Mitarbeitenden des KOSH unterst\u00fctzen die Bewohnerinnen und Bewohner dabei, indem sie ihnen Struktur, Gemeinschaft und Hilfestellungen bieten. Lena Wagner erkl\u00e4rte, dass darunter auch Alltagshilfen fallen, etwa bei der Terminierung von Arztbesuchen oder bei der Freizeitgestaltung. Die Bewohnerinnen und Bewohner sollen so Struktur und Stabilit\u00e4t erfahren und nach und nach auf ein m\u00f6glichst eigenst\u00e4ndiges Leben vorbereitet werden. &#8222;Niemand bleibt hier ewig&#8220;, betonte Lena Wagner. Doch auch nach dem Auszug gebe es die M\u00f6glichkeit, Unterst\u00fctzung zu erfahren, beispielsweise durch die Assistenz in Eigener H\u00e4uslichkeit des LWL-Wohnverbundes.<\/p>\n<p>Einer der Neugierigen, die sich das KOSH am Tag der offenen T\u00fcr anschauten, war der Anwohner Gerrit Roth. Der 37-j\u00e4hrige Fr\u00f6nsberger freute sich \u00fcber die &#8222;positiven Eindr\u00fccke&#8220;, die er bei einer F\u00fchrung gewinnen konnte und sagte: &#8222;Das KOSH ist Teil der Nachbarschaft.&#8220;<\/p>\n<p><strong>Aufnahme im KOSH<\/strong><\/p>\n<p>Menschen mit einer diagnostizierten Abh\u00e4ngigkeitserkrankung, die im KOSH aufgenommen werden wollen, k\u00f6nnen die Einrichtung telefonisch unter 02372\/861-8840 erreichen. Zurzeit besteht eine Warteliste. Weitere Infos zu den Aufnahmekriterien, zum KOSH allgemein und zum LWL-Wohnverbund Hemer gibt es online unter <a href=\"http:\/\/www.lwl-wohnverbund-hemer.de\">http:\/\/www.lwl-wohnverbund-hemer.de<\/a><\/p>\n","protected":false},"excerpt":{"rendered":"<p>Tag der offenen T\u00fcr im KOSH des LWL-Wohnverbundes Hemer (lwl).  [&#8230;]<\/p>\n","protected":false},"author":3,"featured_media":22458,"comment_status":"closed","ping_status":"closed","sticky":false,"template":"","format":"standard","meta":{"two_page_speed":[],"footnotes":""},"categories":[7],"tags":[],"class_list":["post-22457","post","type-post","status-publish","format-standard","has-post-thumbnail","hentry","category-dies-und-das"],"_links":{"self":[{"href":"https:\/\/www.mk-journal.de\/index.php\/wp-json\/wp\/v2\/posts\/22457","targetHints":{"allow":["GET"]}}],"collection":[{"href":"https:\/\/www.mk-journal.de\/index.php\/wp-json\/wp\/v2\/posts"}],"about":[{"href":"https:\/\/www.mk-journal.de\/index.php\/wp-json\/wp\/v2\/types\/post"}],"author":[{"embeddable":true,"href":"https:\/\/www.mk-journal.de\/index.php\/wp-json\/wp\/v2\/users\/3"}],"replies":[{"embeddable":true,"href":"https:\/\/www.mk-journal.de\/index.php\/wp-json\/wp\/v2\/comments?post=22457"}],"version-history":[{"count":1,"href":"https:\/\/www.mk-journal.de\/index.php\/wp-json\/wp\/v2\/posts\/22457\/revisions"}],"predecessor-version":[{"id":22459,"href":"https:\/\/www.mk-journal.de\/index.php\/wp-json\/wp\/v2\/posts\/22457\/revisions\/22459"}],"wp:featuredmedia":[{"embeddable":true,"href":"https:\/\/www.mk-journal.de\/index.php\/wp-json\/wp\/v2\/media\/22458"}],"wp:attachment":[{"href":"https:\/\/www.mk-journal.de\/index.php\/wp-json\/wp\/v2\/media?parent=22457"}],"wp:term":[{"taxonomy":"category","embeddable":true,"href":"https:\/\/www.mk-journal.de\/index.php\/wp-json\/wp\/v2\/categories?post=22457"},{"taxonomy":"post_tag","embeddable":true,"href":"https:\/\/www.mk-journal.de\/index.php\/wp-json\/wp\/v2\/tags?post=22457"}],"curies":[{"name":"wp","href":"https:\/\/api.w.org\/{rel}","templated":true}]}}