{"id":22561,"date":"2025-11-05T09:45:11","date_gmt":"2025-11-05T07:45:11","guid":{"rendered":"https:\/\/www.mk-journal.de\/?p=22561"},"modified":"2025-11-05T09:45:11","modified_gmt":"2025-11-05T07:45:11","slug":"22561","status":"publish","type":"post","link":"https:\/\/www.mk-journal.de\/index.php\/2025\/11\/05\/22561\/","title":{"rendered":""},"content":{"rendered":"<p>(PSL). Der neu gew\u00e4hlte Rat der Stadt L\u00fcdenscheid hat seine Arbeit aufgenommen. Die konstituierende Sitzung hatte vor allem zeremoniellen Charakter: Im Mittelpunkt standen die Amtseinf\u00fchrung und Vereidigung von B\u00fcrgermeister Sebastian Wagemeyer sowie die Verpflichtung seiner Stellvertreter und s\u00e4mtlicher Ratsmitglieder. Seine zweite Amtszeit als L\u00fcdenscheider Stadtoberhaupt begann mit dem Eid. Sebastian Wagemeyer legte den Schwur ab, \u201edass ich das mir \u00fcbertragene Amt nach bestem Wissen und K\u00f6nnen verwalten, Verfassung und Gesetze befolgen und verteidigen und meine Pflichten gewissenhaft erf\u00fcllen und Gerechtigkeit gegen jedermann \u00fcben werde\u201c. Daraufhin h\u00e4ngte ihm Peter Oettinghaus (AfL), der die Sitzung als \u00e4ltestes Ratsmitglied er\u00f6ffnete, unter dem Beifall der Kommunalpolitiker und zahlreichen Besucher die B\u00fcrgermeisterkette um.<\/p>\n<p><strong>Optimistisch in die Zukunft<\/strong><\/p>\n<p>\u201eIch bin zuversichtlich, dass es uns gut und gemeinsam gelingen wird, die Dinge auch in nicht ganzen einfachen Zeiten nach vorne zu bringen\u201c, richtete Wagemeyer den Blick anschlie\u00dfend optimistisch in die Zukunft. Damit schloss er sich Oettinghaus\u2018 einf\u00fchrenden Worten an, der zu einer konstruktiven Zusammenarbeit aufgerufen hatte. \u201eDie B\u00fcrger haben uns ihr Vertrauen geschenkt. Das ist Verpflichtung und Ansporn zugleich\u201c, sagte der AfL-Ratsherr.<\/p>\n<p><strong>39 Ja-Stimmen<\/strong><\/p>\n<p>Mit Christoph Weiland (CDU) und Dirk Franke (SPD) wurden anschlie\u00dfend der erste und zweite stellvertretende B\u00fcrgermeister verpflichtet. W\u00e4hrend Weiland auf seinen Parteikollegen Bj\u00f6rn Wei\u00df folgt, der zuvor elf Jahre lang erster Stellvertreter des B\u00fcrgermeisters war, bleibt Dirk Franke im Amt. 39 Ratsmitglieder hatten zuvor in geheimer Wahl f\u00fcr und vier gegen die Ernennung des Duos gestimmt. Dazu kamen zwei Enthaltungen.<\/p>\n<p><strong>Turnhalle bleibt in Betrieb<\/strong><\/p>\n<p>Auch die Stadtverordneten gaben \u2013 gemeinschaftlich aufgesagt \u2013 ihre Verpflichtungserkl\u00e4rung ab, ehe sie mit einstimmigem Votum der Festlegung der Aussch\u00fcsse des Rates f\u00fcr die neue f\u00fcnfj\u00e4hrige Wahlperiode zustimmten. Die endete mit einer guten Nachricht und kollektivem Aufatmen: Wie Peter Meltzer von der Zentralen Geb\u00e4udewirtschaft (ZGW) mitteilte, bleibt die Turnhalle der Theodor-Heuss-Realschule in Betrieb. Die Pr\u00fcfung des Dachtragewerks hatte am Montagmorgen einen m\u00e4ngelfreien Zustand ergeben. Damit bleibt der Stadt nach den kurzfristig notwendig gewordenen Schlie\u00dfungen der Sporthallen des Zeppelin-Gymnasiums und der Tinsberger Schule ein weiterer Fall erspart.<\/p>\n<p>&nbsp;<\/p>\n","protected":false},"excerpt":{"rendered":"<p>(PSL). Der neu gew\u00e4hlte Rat der Stadt L\u00fcdenscheid hat seine  [&#8230;]<\/p>\n","protected":false},"author":3,"featured_media":22562,"comment_status":"closed","ping_status":"closed","sticky":false,"template":"","format":"standard","meta":{"two_page_speed":[],"footnotes":""},"categories":[10],"tags":[],"class_list":["post-22561","post","type-post","status-publish","format-standard","has-post-thumbnail","hentry","category-staedte-und-gemeinden"],"_links":{"self":[{"href":"https:\/\/www.mk-journal.de\/index.php\/wp-json\/wp\/v2\/posts\/22561","targetHints":{"allow":["GET"]}}],"collection":[{"href":"https:\/\/www.mk-journal.de\/index.php\/wp-json\/wp\/v2\/posts"}],"about":[{"href":"https:\/\/www.mk-journal.de\/index.php\/wp-json\/wp\/v2\/types\/post"}],"author":[{"embeddable":true,"href":"https:\/\/www.mk-journal.de\/index.php\/wp-json\/wp\/v2\/users\/3"}],"replies":[{"embeddable":true,"href":"https:\/\/www.mk-journal.de\/index.php\/wp-json\/wp\/v2\/comments?post=22561"}],"version-history":[{"count":1,"href":"https:\/\/www.mk-journal.de\/index.php\/wp-json\/wp\/v2\/posts\/22561\/revisions"}],"predecessor-version":[{"id":22563,"href":"https:\/\/www.mk-journal.de\/index.php\/wp-json\/wp\/v2\/posts\/22561\/revisions\/22563"}],"wp:featuredmedia":[{"embeddable":true,"href":"https:\/\/www.mk-journal.de\/index.php\/wp-json\/wp\/v2\/media\/22562"}],"wp:attachment":[{"href":"https:\/\/www.mk-journal.de\/index.php\/wp-json\/wp\/v2\/media?parent=22561"}],"wp:term":[{"taxonomy":"category","embeddable":true,"href":"https:\/\/www.mk-journal.de\/index.php\/wp-json\/wp\/v2\/categories?post=22561"},{"taxonomy":"post_tag","embeddable":true,"href":"https:\/\/www.mk-journal.de\/index.php\/wp-json\/wp\/v2\/tags?post=22561"}],"curies":[{"name":"wp","href":"https:\/\/api.w.org\/{rel}","templated":true}]}}