{"id":22578,"date":"2025-11-06T09:24:14","date_gmt":"2025-11-06T07:24:14","guid":{"rendered":"https:\/\/www.mk-journal.de\/?p=22578"},"modified":"2025-11-06T09:24:14","modified_gmt":"2025-11-06T07:24:14","slug":"ich-laufe-zur-schule-und-du","status":"publish","type":"post","link":"https:\/\/www.mk-journal.de\/index.php\/2025\/11\/06\/ich-laufe-zur-schule-und-du\/","title":{"rendered":"\u201eIch laufe zur Schule. Und du?\u201c"},"content":{"rendered":"<h4>Grundschulen in Hemer setzen Zeichen f\u00fcr mehr Bewegung<\/h4>\n<p>(PSH). Sechs Grundschulen, 48 Klassen, rund 1.100 Kinder \u2013 der Laufwettbewerb im Rahmen der Europ\u00e4ischen Mobilit\u00e4tswoche war ein voller Erfolg. Vom 16. bis 22. September hat die Stadt Hemer einen besonderen Wettbewerb f\u00fcr ihre Grundsch\u00fclerinnen und Grundsch\u00fcler ins Leben gerufen. Unter dem Motto &#8222;Ich laufe zur Schule. Und du?&#8220; beteiligten sich sechs Hemeraner Grundschulen mit 48 Klassen und rund 1.100 Kindern an der Aktion. Ziel war es, das sogenannte Elterntaxi zu reduzieren und Kindern die Vorteile des Zufu\u00dfgehens n\u00e4herzubringen.<\/p>\n<p><strong>Kinder erhielten Wegep\u00e4sse<\/strong><\/p>\n<p>&#8222;Mit diesem Wettbewerb m\u00f6chten wir zeigen, dass der Schulweg in den meisten F\u00e4llen gut zu Fu\u00df zur\u00fcckgelegt werden kann&#8220;, erkl\u00e4rt Charlotte Kees, Organisatorin des Projekts bei der Stadt Hemer. &#8222;Wir hoffen, dass die Kinder Freude daran entwickeln, eigenst\u00e4ndig zur Schule zu laufen \u2013 und die Eltern ermutigt werden, das Auto \u00f6fter stehen zu lassen.&#8220; W\u00e4hrend der Wettbewerbswoche erhielten die Kinder sogenannte Wegep\u00e4sse, auf denen sie f\u00fcr jeden zu Fu\u00df zur\u00fcckgelegten Schulweg einen Stempel sammelten. Die gro\u00dfe Beteiligung und das positive Feedback der Schulen zeigten, dass viele Eltern und Lehrkr\u00e4fte die Aktion aktiv unterst\u00fctzten.<\/p>\n<p><strong>Urkunde f\u00fcr jede Klasse<\/strong><\/p>\n<p>Jetzt fand die Preisverleihung statt: Unter allen teilnehmenden Klassen wurden sechs Preise verlost \u2013 darunter Gutscheine f\u00fcr eine F\u00fchrung im Felsenmeer-Museum, die Heinrichsh\u00f6hle, das Gr\u00fcne Klassenzimmer im Sauerlandpark sowie das Spielmobil. Zus\u00e4tzlich erhielt jede Klasse eine Urkunde als Anerkennung f\u00fcr das Engagement der Kinder. &#8222;Das Feedback war so positiv, dass wir den Wettbewerb im n\u00e4chsten Jahr auf jeden Fall wiederholen m\u00f6chten&#8220;, so Kees weiter. Mit dem Projekt leistete die Stadt Hemer einen wichtigen Beitrag zur F\u00f6rderung nachhaltiger Mobilit\u00e4t und zeigte den Sch\u00fclerinnen und Sch\u00fclern, dass der Schulweg nicht nur ein Weg, sondern auch eine Bewegungschance und ein kleines Abenteuer ist.<\/p>\n<p>Die Stadt Hemer freut sich \u00fcber die gro\u00dfe Resonanz und plant, den Wettbewerb k\u00fcnftig als festen Bestandteil ihres Programms im Rahmen der Europ\u00e4ischen Mobilit\u00e4tswoche zu etablieren.<\/p>\n<p>&nbsp;<\/p>\n","protected":false},"excerpt":{"rendered":"<p>Grundschulen in Hemer setzen Zeichen f\u00fcr mehr Bewegung (PSH). Sechs  [&#8230;]<\/p>\n","protected":false},"author":3,"featured_media":22579,"comment_status":"closed","ping_status":"closed","sticky":false,"template":"","format":"standard","meta":{"two_page_speed":[],"footnotes":""},"categories":[10],"tags":[],"class_list":["post-22578","post","type-post","status-publish","format-standard","has-post-thumbnail","hentry","category-staedte-und-gemeinden"],"_links":{"self":[{"href":"https:\/\/www.mk-journal.de\/index.php\/wp-json\/wp\/v2\/posts\/22578","targetHints":{"allow":["GET"]}}],"collection":[{"href":"https:\/\/www.mk-journal.de\/index.php\/wp-json\/wp\/v2\/posts"}],"about":[{"href":"https:\/\/www.mk-journal.de\/index.php\/wp-json\/wp\/v2\/types\/post"}],"author":[{"embeddable":true,"href":"https:\/\/www.mk-journal.de\/index.php\/wp-json\/wp\/v2\/users\/3"}],"replies":[{"embeddable":true,"href":"https:\/\/www.mk-journal.de\/index.php\/wp-json\/wp\/v2\/comments?post=22578"}],"version-history":[{"count":1,"href":"https:\/\/www.mk-journal.de\/index.php\/wp-json\/wp\/v2\/posts\/22578\/revisions"}],"predecessor-version":[{"id":22580,"href":"https:\/\/www.mk-journal.de\/index.php\/wp-json\/wp\/v2\/posts\/22578\/revisions\/22580"}],"wp:featuredmedia":[{"embeddable":true,"href":"https:\/\/www.mk-journal.de\/index.php\/wp-json\/wp\/v2\/media\/22579"}],"wp:attachment":[{"href":"https:\/\/www.mk-journal.de\/index.php\/wp-json\/wp\/v2\/media?parent=22578"}],"wp:term":[{"taxonomy":"category","embeddable":true,"href":"https:\/\/www.mk-journal.de\/index.php\/wp-json\/wp\/v2\/categories?post=22578"},{"taxonomy":"post_tag","embeddable":true,"href":"https:\/\/www.mk-journal.de\/index.php\/wp-json\/wp\/v2\/tags?post=22578"}],"curies":[{"name":"wp","href":"https:\/\/api.w.org\/{rel}","templated":true}]}}