{"id":22602,"date":"2025-11-06T10:36:52","date_gmt":"2025-11-06T08:36:52","guid":{"rendered":"https:\/\/www.mk-journal.de\/?p=22602"},"modified":"2025-11-06T10:36:52","modified_gmt":"2025-11-06T08:36:52","slug":"gedenken-zum-volkstrauertag","status":"publish","type":"post","link":"https:\/\/www.mk-journal.de\/index.php\/2025\/11\/06\/gedenken-zum-volkstrauertag\/","title":{"rendered":"Gedenken zum Volkstrauertag"},"content":{"rendered":"<p>(PSI). Anl\u00e4sslich des Volkstrauertages am Sonntag, 16. November, sind alle Iserlohnerinnen und Iserlohner eingeladen, an den verschiedenen Gedenkfeiern im Stadtgebiet teilzunehmen.<\/p>\n<p><strong>Iserlohn-Hauptfriedhof<\/strong><\/p>\n<p>Um 12 Uhr werden am Mahnmal auf dem Hauptfriedhof, Gr\u00e4berfeld 1939 bis 1945, Oberfeldarzt Dr. Fritz Lax, B\u00fcrgermeister Michael Joithe und Superintendent des Ev. Kirchenkreises Iserlohn Oliver G\u00fcnther sprechen. Die Rede zum Totengedenken h\u00e4lt Heinrich B\u00f6ckel\u00fchr, Regierungspr\u00e4sident und Bezirksvorsitzender des Volksbundes. Musikalisch begleitet wird diese Gedenkfeier vom Musikverein Iserlohn e. V. \u201eDie Waldst\u00e4dter\u201c.<\/p>\n<p><strong>Letmathe<\/strong><\/p>\n<p>Um 12 Uhr werden am Mahnmal im Park von Haus Letmathe Ratsmitglied Christian Grobauer sowie Pfarrer Dietmar Schulte, Leiter des Pastoralverbundes Letmathe, sprechen. Daniel Kohlhepp (Trompete) von der Musikschule Iserlohn wird die Veranstaltung musikalisch begleiten. Die Gedenkfeier wird ausgerichtet von der Reservistenkameradschaft Letmathe. Teilnehmen werden der Sch\u00fctzenverein Letmathe, die L\u00f6schgruppen der Freiwilligen Feuerwehren Letmathe und St\u00fcbbeken sowie Letmather B\u00fcrgerinnen und B\u00fcrger. Die Reservistenkameradschaft trifft sich am 15. November um 15 Uhr zu pflegerischen Ma\u00dfnahmen am Mahnmal.<\/p>\n<p><strong>Dr\u00f6schede<\/strong><\/p>\n<p>Um 14 Uhr findet die Gedenkfeier am Mahnmal an der Kampstra\u00dfe statt. Sprechen wird Ratsmitglied Monika Stockmann.<\/p>\n<p><strong>Kesbern\/Dahlsen<\/strong><\/p>\n<p>Um 10 Uhr findet ein Gottesdienst in der Auferstehungskirche und anschlie\u00dfend um 12 Uhr die Gedenkfeier am Ehrenmal in Dahlsen statt. Sprechen werden Pfarrer Bernd Neuser und Ratsmitglied Benjamin Korte. Teilnehmen werden der B\u00fcrger-Sch\u00fctzen-Verein Kesbern 1907 e. V. und die L\u00f6schgruppe Kesbern der Freiwilligen Feuerwehr.<\/p>\n<p><strong>Bernhard-H\u00fclsmann-Weg<\/strong><\/p>\n<p>Die Gedenkfeier am Ehrenmal an der ehemaligen Bernhard-H\u00fclsmann-Kaserne beginnt um 11.15 Uhr. Es spricht Oberfeldwebel a. D. Friedrich Densborn zum Gedenken der Kriegsopfer. Mitwirken werden die Royal British Legion und der Musikverein Iserlohn e. V. \u201eDie Waldst\u00e4dter\u201c.<\/p>\n<p><strong>Gr\u00fcrmannsheide<\/strong><\/p>\n<p>Die Gedenkfeier an der Alten Schule Gr\u00fcrmannsheide (Rote-Haus-Stra\u00dfe) findet um 15 Uhr statt. Es sprechen Siegfried Fischer, Oberst des BSV Gr\u00fcrmannsheide 1894 e. V., Pfarrer Bernd Neuser, der stellvertretende B\u00fcrgermeister Michael Scheffler sowie Ratsmitglied Thomas Hackenberg. An der Veranstaltung mitwirken wird der B\u00fcrger-Sch\u00fctzen-Verein Gr\u00fcrmannsheide 1894 e. V.<\/p>\n<p><strong>Griesenbrauck<\/strong><\/p>\n<p>Die Gedenkfeierlichkeit auf dem Gel\u00e4nde des TV Griesenbrauck beginnt um 10 Uhr. Es spricht Pfarrer Peter Philipps. Ratsmitglied Karin Oehl-Schneidersmann wird den Kranz niederlegen. Mitwirken werden die Vertreterinnen und Vertreter der Griesenbraucker Ortsvereine sowie die Freiwillige Feuerwehr Landhausen.<\/p>\n<p><strong>S\u00fcmmern<\/strong><\/p>\n<p>Um 10.45 Uhr beginnt die Gedenkfeier am Ehrenmal auf dem Kirchplatz der St.-Gertrudis-Kirche in S\u00fcmmern. Es spricht Ratsmitglied Detlef K\u00f6pke. Mitwirken werden die Sch\u00fctzenbruderschaft St. Sebastian 1842 e. V. S\u00fcmmern, der Spielmannszug S\u00fcmmern, die Freiwillige Feuerwehr S\u00fcmmern sowie Vertreterinnen und Vertreter aller S\u00fcmmeraner Vereine. Zuvor findet um 10.15 Uhr durch eine Abordnung der Sch\u00fctzen die Kranzniederlegung an den Soldatengr\u00e4bern auf dem st\u00e4dtischen Friedhof in S\u00fcmmern statt.<\/p>\n<p><strong>Hennen<\/strong><\/p>\n<p>Die Gedenkfeier am Ehrenmal auf dem Friedhof Hennen beginnt um 11.15 Uhr. Sprechen wird Ratsfrau Manuela Rickert. An der Veranstaltung mitwirken wird der Posaunenchor Hennen. Bei schlechtem Wetter findet die Gedenkfeier zur selben Zeit unter dem Pausenhofdach der Grundschule Hennen statt.<\/p>\n<p><strong>L\u00f6ssel<\/strong><\/p>\n<p>Die Gedenkfeier auf dem L\u00f6sseler Friedhof beginnt um 11 Uhr. Sprechen werden Pr\u00e4dikant Stefan K\u00f6hler von der evangelischen Christusgemeinde und Ratsmitglied Michael Barth.<\/p>\n<p>Die Kranzniederlegungen am \u201e<strong>Eisernen Kreuz\u201c in der Gr\u00fcne<\/strong> sowie am <strong>Ehrenmal Sonnenweg im<\/strong> <strong>Dr\u00f6scheder Feld <\/strong>finden ohne \u00f6ffentliche Gedenkfeiern statt. In <strong>Barendorf <\/strong>wird es in diesem Jahr keine Gedenkfeier geben.<\/p>\n","protected":false},"excerpt":{"rendered":"<p>(PSI). Anl\u00e4sslich des Volkstrauertages am Sonntag, 16. November, sind alle  [&#8230;]<\/p>\n","protected":false},"author":3,"featured_media":22603,"comment_status":"closed","ping_status":"closed","sticky":false,"template":"","format":"standard","meta":{"two_page_speed":[],"footnotes":""},"categories":[13],"tags":[],"class_list":["post-22602","post","type-post","status-publish","format-standard","has-post-thumbnail","hentry","category-was-und-wo"],"_links":{"self":[{"href":"https:\/\/www.mk-journal.de\/index.php\/wp-json\/wp\/v2\/posts\/22602","targetHints":{"allow":["GET"]}}],"collection":[{"href":"https:\/\/www.mk-journal.de\/index.php\/wp-json\/wp\/v2\/posts"}],"about":[{"href":"https:\/\/www.mk-journal.de\/index.php\/wp-json\/wp\/v2\/types\/post"}],"author":[{"embeddable":true,"href":"https:\/\/www.mk-journal.de\/index.php\/wp-json\/wp\/v2\/users\/3"}],"replies":[{"embeddable":true,"href":"https:\/\/www.mk-journal.de\/index.php\/wp-json\/wp\/v2\/comments?post=22602"}],"version-history":[{"count":1,"href":"https:\/\/www.mk-journal.de\/index.php\/wp-json\/wp\/v2\/posts\/22602\/revisions"}],"predecessor-version":[{"id":22604,"href":"https:\/\/www.mk-journal.de\/index.php\/wp-json\/wp\/v2\/posts\/22602\/revisions\/22604"}],"wp:featuredmedia":[{"embeddable":true,"href":"https:\/\/www.mk-journal.de\/index.php\/wp-json\/wp\/v2\/media\/22603"}],"wp:attachment":[{"href":"https:\/\/www.mk-journal.de\/index.php\/wp-json\/wp\/v2\/media?parent=22602"}],"wp:term":[{"taxonomy":"category","embeddable":true,"href":"https:\/\/www.mk-journal.de\/index.php\/wp-json\/wp\/v2\/categories?post=22602"},{"taxonomy":"post_tag","embeddable":true,"href":"https:\/\/www.mk-journal.de\/index.php\/wp-json\/wp\/v2\/tags?post=22602"}],"curies":[{"name":"wp","href":"https:\/\/api.w.org\/{rel}","templated":true}]}}