{"id":22611,"date":"2025-11-07T09:48:32","date_gmt":"2025-11-07T07:48:32","guid":{"rendered":"https:\/\/www.mk-journal.de\/?p=22611"},"modified":"2025-11-07T09:48:32","modified_gmt":"2025-11-07T07:48:32","slug":"elterntag-im-sos-kinderdorf","status":"publish","type":"post","link":"https:\/\/www.mk-journal.de\/index.php\/2025\/11\/07\/elterntag-im-sos-kinderdorf\/","title":{"rendered":"Elterntag im SOS-Kinderdorf"},"content":{"rendered":"<p>(EB). Wer sich f\u00fcr die Arbeit der SOS-Kindertagesst\u00e4tte und des Familienzentrums Kindervilla an der Freiherr-vom-Stein-Stra\u00dfe 27 in L\u00fcdenscheid interessiert, ist herzlich eingeladen, an einer Besichtigung f\u00fcr Eltern teilzunehmen. Am 11. November um 16 Uhr und am 18. November um 9 Uhr ist der Start f\u00fcr eine Besichtigung der R\u00e4ume, bei der nat\u00fcrlich auch Fragen zur Arbeit mit den betreuten Kindern und zum Familienzentrum gestellt werden k\u00f6nnen. Ansprechpartner an den Besichtigungstagen sind Elke Lauman und Lena Hilger. Anmeldungen zu den Terminen werden telefonisch erbeten unter der Nummer 02351\/67240210. Zu betreuende Kinder k\u00f6nnen gerne mitgebracht werden.<\/p>\n<p><strong>SOS-Kinervilla seit 2014<\/strong><\/p>\n<p>Die SOS-Kindervilla wurde im April 2014 als weiteres Angebot des SOS-Kinderdorfs Sauerland er\u00f6ffnet. Die Schwerpunkte der Arbeit liegen unter anderem in der F\u00f6rderung der individuellen Entwicklung des einzelnen Kindes, Erziehung zu Eigenverantwortlichkeit und Selbstst\u00e4ndigkeit sowie F\u00f6rderung des Sozialverhaltens und der kognitiven, sozialen und emotionalen Entwicklung.<\/p>\n<p><strong>Ort der Begegnung f\u00fcr Familien<\/strong><\/p>\n<p>Ein weiteres Ziel der SOS-Kindervilla ist es, die Vereinbarkeit von Familie und Beruf zu unterst\u00fctzen und die R\u00e4umlichkeiten als einen Ort der Begegnung f\u00fcr Familien zu \u00f6ffnen. Gemeinsame Feste und Erlebnisse, oder besondere Ausfl\u00fcge mit der ganzen Familie f\u00f6rdern die Gemeinschaft. Die Integration der Kinder und ihrer Familie in diese Gemeinschaft werden angestrebt.<\/p>\n<p><strong>40 Ganztagespl\u00e4tze<\/strong><\/p>\n<p>Die SOS-Kindervilla bietet\u00a040 Ganztagespl\u00e4tze\u00a0f\u00fcr M\u00e4dchen und Jungen im Alter\u00a0von zwei\u00a0bis sechs\u00a0Jahren. Das Angebot der Tagesst\u00e4tte richtet sich in besonderer Weise an Familien aus dem Einzugsbereich der L\u00fcdenscheider Innenstadt. Bei der Vergabe der Pl\u00e4tze wird die soziale und famili\u00e4re Situation der Kinder ber\u00fccksichtigt.<\/p>\n<p>&nbsp;<\/p>\n","protected":false},"excerpt":{"rendered":"<p>(EB). Wer sich f\u00fcr die Arbeit der SOS-Kindertagesst\u00e4tte und des  [&#8230;]<\/p>\n","protected":false},"author":3,"featured_media":22612,"comment_status":"closed","ping_status":"closed","sticky":false,"template":"","format":"standard","meta":{"two_page_speed":[],"footnotes":""},"categories":[13],"tags":[],"class_list":["post-22611","post","type-post","status-publish","format-standard","has-post-thumbnail","hentry","category-was-und-wo"],"_links":{"self":[{"href":"https:\/\/www.mk-journal.de\/index.php\/wp-json\/wp\/v2\/posts\/22611","targetHints":{"allow":["GET"]}}],"collection":[{"href":"https:\/\/www.mk-journal.de\/index.php\/wp-json\/wp\/v2\/posts"}],"about":[{"href":"https:\/\/www.mk-journal.de\/index.php\/wp-json\/wp\/v2\/types\/post"}],"author":[{"embeddable":true,"href":"https:\/\/www.mk-journal.de\/index.php\/wp-json\/wp\/v2\/users\/3"}],"replies":[{"embeddable":true,"href":"https:\/\/www.mk-journal.de\/index.php\/wp-json\/wp\/v2\/comments?post=22611"}],"version-history":[{"count":1,"href":"https:\/\/www.mk-journal.de\/index.php\/wp-json\/wp\/v2\/posts\/22611\/revisions"}],"predecessor-version":[{"id":22613,"href":"https:\/\/www.mk-journal.de\/index.php\/wp-json\/wp\/v2\/posts\/22611\/revisions\/22613"}],"wp:featuredmedia":[{"embeddable":true,"href":"https:\/\/www.mk-journal.de\/index.php\/wp-json\/wp\/v2\/media\/22612"}],"wp:attachment":[{"href":"https:\/\/www.mk-journal.de\/index.php\/wp-json\/wp\/v2\/media?parent=22611"}],"wp:term":[{"taxonomy":"category","embeddable":true,"href":"https:\/\/www.mk-journal.de\/index.php\/wp-json\/wp\/v2\/categories?post=22611"},{"taxonomy":"post_tag","embeddable":true,"href":"https:\/\/www.mk-journal.de\/index.php\/wp-json\/wp\/v2\/tags?post=22611"}],"curies":[{"name":"wp","href":"https:\/\/api.w.org\/{rel}","templated":true}]}}