{"id":22615,"date":"2025-11-07T09:55:49","date_gmt":"2025-11-07T07:55:49","guid":{"rendered":"https:\/\/www.mk-journal.de\/?p=22615"},"modified":"2025-11-07T09:57:17","modified_gmt":"2025-11-07T07:57:17","slug":"22615","status":"publish","type":"post","link":"https:\/\/www.mk-journal.de\/index.php\/2025\/11\/07\/22615\/","title":{"rendered":"Gedenkveranstaltung zum 9. November"},"content":{"rendered":"<p>(PSI). Am 9. November 1938 brannten in ganz Deutschland die Synagogen, auch in Iserlohn. An der Mendener Stra\u00dfe wurde die Synagoge in Brand gesteckt, j\u00fcdische Nachbarn wurden drangsaliert, angegriffen und ausgeraubt. J\u00fcdische B\u00fcrgerinnen und B\u00fcrger waren mit ihrem Hab und Gut ungehemmter Gewalt ausgesetzt. Die Novemberpogrome steigerten den staatlichen Antisemitismus zur Existenzbedrohung f\u00fcr die Juden im damaligen Deutschen Reich. Auch viele Andersdenkende und Angeh\u00f6rige anderer Nationalit\u00e4ten wurden Opfer der Verfolgung.<\/p>\n<p><strong>Zeichen setzen f\u00fcr Toleranz und Mitmenschlichkeit<\/strong><\/p>\n<p>Um daran zu erinnern und ein Zeichen zu setzen f\u00fcr Toleranz und Mitmenschlichkeit, sind alle B\u00fcrgerinnen und B\u00fcrger auch in diesem Jahr wieder eingeladen, an der Gedenkveranstaltung am Sonntag, 9. November, um 18 Uhr teilzunehmen. Startpunkt ist der Gedenkstein f\u00fcr die Synagoge (Mendener Stra\u00dfe\/Ecke Karnacksweg). Nach einer Ansprache von B\u00fcrgermeister Michael Joithe und einem Redebeitrag von Pfarrer Oliver G\u00fcnther, Superintendent des Ev. Kirchenkreises Iserlohn, wird eine Totenehrung nach j\u00fcdischem Ritus durchgef\u00fchrt.<\/p>\n<p><strong>Schweigemarsch durch die Innenstadt<\/strong><\/p>\n<p>Im Anschluss begeben sich die Teilnehmenden auf einen Schweigegang durch die Innenstadt zum Mahnmal am Poth mit Zwischenstopps an den \u201eStolpersteinen\u201c. Am Mahnmal wird das Gedenken an die Opfer des Nationalsozialismus durch den Kinder- und Jugendrat gestaltet. F\u00fcr die musikalische Begleitung sorgen ein Klarinettenduo des Musikvereins der Kolpingsfamilie Letmathe sowie die \u00d6kumenische Basisinitiative f\u00fcr den Frieden. Die Veranstaltung endet mit Blumen- und Kranzniederlegungen. Die Mahnveranstaltung ist eine gemeinsame Aktion der Stadt Iserlohn, der Ratsmitglieder und des Friedensplenums.<\/p>\n","protected":false},"excerpt":{"rendered":"<p>(PSI). Am 9. November 1938 brannten in ganz Deutschland die  [&#8230;]<\/p>\n","protected":false},"author":3,"featured_media":22616,"comment_status":"closed","ping_status":"closed","sticky":false,"template":"","format":"standard","meta":{"two_page_speed":[],"footnotes":""},"categories":[10],"tags":[],"class_list":["post-22615","post","type-post","status-publish","format-standard","has-post-thumbnail","hentry","category-staedte-und-gemeinden"],"_links":{"self":[{"href":"https:\/\/www.mk-journal.de\/index.php\/wp-json\/wp\/v2\/posts\/22615","targetHints":{"allow":["GET"]}}],"collection":[{"href":"https:\/\/www.mk-journal.de\/index.php\/wp-json\/wp\/v2\/posts"}],"about":[{"href":"https:\/\/www.mk-journal.de\/index.php\/wp-json\/wp\/v2\/types\/post"}],"author":[{"embeddable":true,"href":"https:\/\/www.mk-journal.de\/index.php\/wp-json\/wp\/v2\/users\/3"}],"replies":[{"embeddable":true,"href":"https:\/\/www.mk-journal.de\/index.php\/wp-json\/wp\/v2\/comments?post=22615"}],"version-history":[{"count":3,"href":"https:\/\/www.mk-journal.de\/index.php\/wp-json\/wp\/v2\/posts\/22615\/revisions"}],"predecessor-version":[{"id":22619,"href":"https:\/\/www.mk-journal.de\/index.php\/wp-json\/wp\/v2\/posts\/22615\/revisions\/22619"}],"wp:featuredmedia":[{"embeddable":true,"href":"https:\/\/www.mk-journal.de\/index.php\/wp-json\/wp\/v2\/media\/22616"}],"wp:attachment":[{"href":"https:\/\/www.mk-journal.de\/index.php\/wp-json\/wp\/v2\/media?parent=22615"}],"wp:term":[{"taxonomy":"category","embeddable":true,"href":"https:\/\/www.mk-journal.de\/index.php\/wp-json\/wp\/v2\/categories?post=22615"},{"taxonomy":"post_tag","embeddable":true,"href":"https:\/\/www.mk-journal.de\/index.php\/wp-json\/wp\/v2\/tags?post=22615"}],"curies":[{"name":"wp","href":"https:\/\/api.w.org\/{rel}","templated":true}]}}