{"id":22673,"date":"2025-11-11T09:07:41","date_gmt":"2025-11-11T07:07:41","guid":{"rendered":"https:\/\/www.mk-journal.de\/?p=22673"},"modified":"2025-11-11T09:07:41","modified_gmt":"2025-11-11T07:07:41","slug":"engagiert-kreativ-und-mittendrin","status":"publish","type":"post","link":"https:\/\/www.mk-journal.de\/index.php\/2025\/11\/11\/engagiert-kreativ-und-mittendrin\/","title":{"rendered":"Engagiert, kreativ und mittendrin"},"content":{"rendered":"<h4><strong>Belana Meschik erlebt Musikschule als Bufdi hautnah<\/strong><\/h4>\n<p>(PSL). Belana Meschik ist seit dem 15. September als Bundesfreiwilligendienstleistende (Bufdi) an der Musikschule der Stadt L\u00fcdenscheid t\u00e4tig \u2013 und sie bringt bereits jede Menge Erfahrung, Neugier und Begeisterung mit. Seit drei Jahren ist sie selbst Sch\u00fclerin an der Musikschule, spielt Gitarre und Klavier, hat sowohl Gesangsunterricht als auch Musiktheorie und m\u00f6chte nach ihrem Bufdi-Jahr Gesangsp\u00e4dagogik studiere. Ihr Freiwilligendienst bietet ihr nun die perfekte Gelegenheit, die Musikschule einmal von der anderen Seite kennenzulernen.<\/p>\n<p><strong>Viele Aspekte kennenlernen<\/strong><\/p>\n<p>Belana Meschik nutzt das Jahr, um die vielf\u00e4ltigen Aspekte der Musikschularbeit zu entdecken \u2013 von Verwaltungsaufgaben bis hin zum Unterricht in unterschiedlichen Instrumentalklassen und Ensembles. Besonders spannend findet sie, auch hinter die Kulissen zu schauen, mitzugestalten und zu erleben, wie das Team gemeinsam die Musikschule so lebendig macht.<\/p>\n<p><strong>P\u00e4dagogische Erfahrungen gesammelt<\/strong><\/p>\n<p>An Donnerstagen und Freitagen hospitiert Belana Meschik regelm\u00e4\u00dfig im Gesangunterricht bei Franziska F\u00f6rster. Au\u00dferdem unterst\u00fctzt sie das JeKits-Programm (Jedem Kind ein Instrument) an der Grundschule Parkstra\u00dfe. In der Gitarren-AG, die als Kooperation am Zeppelin-Gymnasium stattfindet, wirkt sie ebenso assistierend mit, und sie hat bereits ein sogenanntes Mittwochspodium eigenst\u00e4ndig geleitet und moderiert. Damit sammelt sie wertvolle p\u00e4dagogische Erfahrungen \u2013 eine ideale Vorbereitung auf ihr angestrebtes Studium.<\/p>\n<p><strong>Eigenes Konzert als Projekt<\/strong><\/p>\n<p>Als eigenes Projekt plant sie im Laufe ihrs Bufdi-Jahres, mit anderen Sch\u00fclerinnen und Sch\u00fcler ein Konzert auf die Beine zu stellen, das die Musikschule und ihre Facetten pr\u00e4sentiert. Dabei m\u00f6chte sie Organisation, Moderation und B\u00fchnenarbeit verbinden \u2013 genau das, was sie sp\u00e4ter einmal beruflich tun m\u00f6chte.<\/p>\n<p><strong>Bewerbung bis Ende Februar<\/strong><\/p>\n<p>Belanas Engagement steht exemplarisch f\u00fcr die Bedeutung des Bundesfreiwilligendienstes an Musikschulen: junge Menschen, die ihre Leidenschaft f\u00fcr Musik mit sozialem und organisatorischen Engagement verbinden. Wer Belana Meschik auf der Bufdi-Stelle ab dem kommenden Schuljahr nachfolgen m\u00f6chte, kann sich noch bis Ende Februar auf die Stelle bewerben.<\/p>\n<p><strong>Infos bei der Musikschule<\/strong><\/p>\n<p>Weitere Informationen erteilt das Sekretariat der Musikschule der Stadt L\u00fcdenscheid, Staberger Stra\u00dfe 2, unter der Rufnummer 02351\/172426. Die \u00d6ffnungszeiten sind Montag bis Freitag von 10 Uhr bis 12 Uhr und Montag bis Donnerstag von 13 Uhr bis 16 Uhr.<\/p>\n<p>&nbsp;<\/p>\n","protected":false},"excerpt":{"rendered":"<p>Belana Meschik erlebt Musikschule als Bufdi hautnah (PSL). Belana Meschik  [&#8230;]<\/p>\n","protected":false},"author":3,"featured_media":22674,"comment_status":"closed","ping_status":"closed","sticky":false,"template":"","format":"standard","meta":{"two_page_speed":[],"footnotes":""},"categories":[7],"tags":[],"class_list":["post-22673","post","type-post","status-publish","format-standard","has-post-thumbnail","hentry","category-dies-und-das"],"_links":{"self":[{"href":"https:\/\/www.mk-journal.de\/index.php\/wp-json\/wp\/v2\/posts\/22673","targetHints":{"allow":["GET"]}}],"collection":[{"href":"https:\/\/www.mk-journal.de\/index.php\/wp-json\/wp\/v2\/posts"}],"about":[{"href":"https:\/\/www.mk-journal.de\/index.php\/wp-json\/wp\/v2\/types\/post"}],"author":[{"embeddable":true,"href":"https:\/\/www.mk-journal.de\/index.php\/wp-json\/wp\/v2\/users\/3"}],"replies":[{"embeddable":true,"href":"https:\/\/www.mk-journal.de\/index.php\/wp-json\/wp\/v2\/comments?post=22673"}],"version-history":[{"count":1,"href":"https:\/\/www.mk-journal.de\/index.php\/wp-json\/wp\/v2\/posts\/22673\/revisions"}],"predecessor-version":[{"id":22675,"href":"https:\/\/www.mk-journal.de\/index.php\/wp-json\/wp\/v2\/posts\/22673\/revisions\/22675"}],"wp:featuredmedia":[{"embeddable":true,"href":"https:\/\/www.mk-journal.de\/index.php\/wp-json\/wp\/v2\/media\/22674"}],"wp:attachment":[{"href":"https:\/\/www.mk-journal.de\/index.php\/wp-json\/wp\/v2\/media?parent=22673"}],"wp:term":[{"taxonomy":"category","embeddable":true,"href":"https:\/\/www.mk-journal.de\/index.php\/wp-json\/wp\/v2\/categories?post=22673"},{"taxonomy":"post_tag","embeddable":true,"href":"https:\/\/www.mk-journal.de\/index.php\/wp-json\/wp\/v2\/tags?post=22673"}],"curies":[{"name":"wp","href":"https:\/\/api.w.org\/{rel}","templated":true}]}}