{"id":22751,"date":"2025-11-14T11:40:14","date_gmt":"2025-11-14T09:40:14","guid":{"rendered":"https:\/\/www.mk-journal.de\/?p=22751"},"modified":"2025-11-14T13:21:47","modified_gmt":"2025-11-14T11:21:47","slug":"ralf-schwarzkopf-als-landrat-vereidigt","status":"publish","type":"post","link":"https:\/\/www.mk-journal.de\/index.php\/2025\/11\/14\/ralf-schwarzkopf-als-landrat-vereidigt\/","title":{"rendered":"Ralf Schwarzkopf als Landrat vereidigt"},"content":{"rendered":"<p><strong>Wahlmarathon im neuen Super-Kreistag<\/strong><\/p>\n<p><strong>Von Hendrik Klein<\/strong><\/p>\n<p>Ralf Schwarzkopf aus L\u00fcdenscheid ist jetzt auch ganz offiziell neuer Landrat im M\u00e4rkischen Kreis. Der Christdemokrat wurde in der konstituierenden Sitzung des Kreistages in vom Alterspr\u00e4sidenten Axel Hoffmann offiziell in sein Amt eingef\u00fchrt. Der FDP-Fraktionsvorsitzende ist seit dem 1. Oktober 1999 Mitglied des in dieser Wahlperiode auf 86 Kreistagsmitglieder angewachsenen Gremiums.<\/p>\n<p><strong>Kluge Politik mit Weitsicht<\/strong><\/p>\n<p>\u201eUnsere Aufgabe ist es, f\u00fcr unsere B\u00fcrgerinnen und B\u00fcrger, aber auch f\u00fcr die kreisangeh\u00f6rigen Kommunen eine kluge Politik mit Weitsicht und nachvollziehbaren Entscheidungen zu gestalten\u201c, schrieb der 76-j\u00e4hrige allen Kreistagsmitgliedern ins Stammbuch. Und weiter: \u201eWir alle haben mit unseren Mandaten Verantwortung f\u00fcr den M\u00e4rkischen Kreis \u00fcbernommen, der mit seinen 410.000 Einwohnern als f\u00fcnfzehntgr\u00f6\u00dfter Kreis der Bundesrepublik von rund 300 Landkreisen seinen eigenen Stellenwert hat.\u201c<\/p>\n<p><strong>Er\u00f6ffnungsrede Axel Hoffmann:<\/strong><\/p>\n<blockquote><p>Sehr geehrter Herr Landrat Schwarzkopf.<\/p>\n<p>Zu Ihrer Wahl zum neuen Landrat des M\u00e4rkischen Kreises gratuliere ich Ihnen im Namen des ganzen Kreistags sehr herzlich.<\/p>\n<p>Bei der Kommunalwahl 2025 haben Sie zum ersten Mal f\u00fcr das Amt des Landrates des M\u00e4rkischen Kreises kandidiert und sind im ersten Wahlgang am 14. September 2025 mit absoluter Mehrheit gew\u00e4hlt worden.<\/p>\n<p>Am 1. November haben Sie dieses Amt angetreten und die Verantwortung f\u00fcr die Leitung der Kreisverwaltung, der Leitung der Kreispolizeibeh\u00f6rde M\u00e4rkischer Kreis und auch den Vorsitz des Kreistages \u00fcbernommen.<\/p>\n<p>Die Amtseinf\u00fchrung eines neuen Landrats ist immer ein besonders Ereignis, dokumentiert sie doch auch den Abschluss einer demokratischen und in Freiheit getroffenen Entscheidung der B\u00fcrgerinnen und B\u00fcrger.<\/p>\n<p>Ihre Aufgabe Herr Schwarzkopf ist es, dieses Amt wahrzunehmen, politisch und auch durch Ihre Pers\u00f6nlichkeit zu gestalten. Dazu w\u00fcnsche ich Ihnen im Namen des Kreistags die notwendige Kraft, die dieses Amt erfordert, die entsprechende Ausdauer, die bei dem hohen Zeitaufwand f\u00fcr die Aufgaben, notwendig ist, aber auch die Freude in der Begegnung mit vielen Menschen in unserem M\u00e4rkischen Kreis.<\/p>\n<p>Nach \u00a7 44 Absatz 3 der f\u00fcr uns geltenden Kreisordnung ist es als Altersvorsitzenden des Kreistages meine Aufgabe, Sie zu vereidigen. Ich bitte Sie, die Eidesformel vor dem Kreistag zu sprechen:<\/p>\n<p>Ich schw\u00f6re, dass ich das mir \u00fcbertragene Amt nach bestem Wissen und K\u00f6nnen verwalten, Verfassung und Gesetze befolgen und verteidigen, meine Pflichten gewissenhaft erf\u00fcllen und Gerechtigkeit gegen jedermann \u00fcben werde. (So wahr mir Gott helfe.)<\/p>\n<p>Herr Landrat Schwarzkopf, Sie sind damit in Ihr Amt eingef\u00fchrt. Ich \u00fcbergebe Ihnen nun die Sitzungsleitung und w\u00fcnsche Ihnen allzeit eine gl\u00fcckliche Hand.<\/p><\/blockquote>\n<p><strong>Amtseid abgelegt<\/strong><\/p>\n<p>Im Anschluss an sein Eingangsstatement nahm Axel Hoffmann dem neuen Landrat den Amtseid ab: \u201eIch schw\u00f6re, dass ich das mir \u00fcbertragene Amt nach bestem Wissen und K\u00f6nnen verwalten, die Verfassung und die Gesetze befolgen und verteidigen, meine Pflichten gewissenhaft erf\u00fcllen und Gerechtigkeit gegen jedermann \u00fcben werde, so wahr mir Gott helfe\u201c.<\/p>\n<p><strong>Antrittsrede des Landrats in voller L\u00e4nge:<\/strong><\/p>\n<blockquote><p>Vielen Dank, sehr geehrter Herr Hoffmann, f\u00fcr Ihre einf\u00fchrenden Worte,<br \/>\nIhre und die \u00fcberbrachten guten W\u00fcnsche des Kreistages f\u00fcr meine<br \/>\nkommende Amtszeit!<\/p>\n<p>Meine Damen und Herren Kreistagsabgeordnete, sehr<br \/>\ngeehrte Mitarbeiterinnen und Mitarbeiter des Kreises, sehr<br \/>\ngeehrte Damen und Herren, liebe G\u00e4ste!<\/p>\n<p>Die B\u00fcrger des M\u00e4rkischen Kreises haben mich am 14. September 2025<br \/>\nzum neuen Landrat des M\u00e4rkischen Kreises gew\u00e4hlt. Ich habe dieses<br \/>\nAmt zum 01. November angetreten und die damit verbundenen<br \/>\nAufgaben und Pflichten sehr gern \u00fcbernommen.<\/p>\n<p>Ich trete dieses Amt in einer Zeit an, die der Psychologe Stephan<br \/>\nGr\u00fcnewald treffend als die \u00c4ra der \u201eKrisenakrobaten\u201c bezeichnet.<br \/>\nGr\u00fcnewald beschreibt, wie die Deutschen auf die \u00dcberforderung durch<br \/>\ndie Vielzahl und Gleichzeitigkeit von Krisen reagieren: mit einer<br \/>\nbeeindruckenden, aber auch gewagten Form der Selbststabilisierung.<br \/>\nWir ziehen uns ins Private zur\u00fcck, werden Stars in unserer privaten<br \/>\nManege, balancieren auf unserem eigenen Drahtseil. Doch dieses<br \/>\nBalancieren im Alleingang f\u00fchrt zu einer &#8222;Silodarit\u00e4t statt Solidarit\u00e4t&#8220;,<br \/>\nzu einer inneren Blockade, die verhindert, dass unsere immense Energie<br \/>\nin kollektive Tatkraft umschl\u00e4gt.<\/p>\n<p>Diese Beobachtung trifft den Kern unserer Herausforderung auch hier im<br \/>\nM\u00e4rkischen Kreis. Wir sind eine Region voller Tatendrang, Flei\u00df und<br \/>\nInnovation. Aber auch wir m\u00fcssen den Sprung vom privaten ins<br \/>\nkollektive Handeln wagen. Unsere Aufgabe in den kommenden Jahren<br \/>\nist es, die Drahtseile des Einzelnen zu einem starken, gemeinsamen<br \/>\nNetz zu verweben.<\/p>\n<p>Der erste und wohl wichtigste Drahtseilakt betrifft das Herzst\u00fcck unserer<br \/>\nRegion, die Voraussetzung f\u00fcr unseren heimischen Wohlstand: unsere<br \/>\nIndustrie. Die Krise, insbesondere der energieintensiven Industrie, ist<br \/>\nreal und existenzbedrohend. Hohe Energie- und Arbeitskosten,<br \/>\nschwache Nachfrage und in die Jahre gekommene Infrastruktur \u2013 all das<br \/>\nerzeugt einen Stresspegel, der die Liquidit\u00e4t vieler Betriebe gef\u00e4hrdet.<br \/>\nHier erleben wir die Gr\u00fcnewald&#8217;sche &#8222;gestaute Energie&#8220; besonders<br \/>\ndeutlich. Unsere Unternehmen haben enorme Kraftreserven, aber sie<br \/>\nsind aufgrund der schwierigen Rahmenbedingungen blockiert.<\/p>\n<p>Wir m\u00fcssen als Kreis zum zentralen Anwalt der Wirtschaft werden!<br \/>\nZusammen mit unserer Wirtschaftsf\u00f6rderungsgesellschaft GWS wollen<br \/>\nwir neue Perspektiven aufzeigen und Chancen erm\u00f6glichen. Wir<br \/>\nunterst\u00fctzen die Wirtschaftsbeziehungen mit unseren Partnerregionen,<br \/>\nerm\u00f6glichen Netzwerke f\u00fcr neue Branchen und f\u00f6rdern<br \/>\nExistenzgr\u00fcndungen bei uns im Kreis.<\/p>\n<p>In der Kreisentwicklung haben wir bereits erste Schritte unternommen,<br \/>\num ein umfassendes Energiekonzept f\u00fcr den M\u00e4rkischen Kreis zu<br \/>\nerstellen. Damit werden wir alle sinnvollen M\u00f6glichkeiten nutzen, um<br \/>\nregenerative Energien zu f\u00f6rdern, von der Wind- bis zur Wasserkraft.<br \/>\nInsbesondere die Chancen des Wasserstoffes wollen wir f\u00fcr unsere<br \/>\nRegion nutzen.<\/p>\n<p>Voraussetzung f\u00fcr eine gelingende Wirtschaftsf\u00f6rderung ist die<br \/>\nZusammenarbeit mit den Sozialpartnern, den Arbeitgeberverb\u00e4nden und<br \/>\nden Gewerkschaften sowie den Kammern.<\/p>\n<p>Damit unsere Industrieregion noch pr\u00e4senter in der \u00f6ffentlichen<br \/>\nWahrnehmung wird und hoffentlich bald aufh\u00f6rt, von \u201ehidden champions\u201c<br \/>\nzu sprechen, sondern mit Stolz ihre hochinnovativen Weltmarktf\u00fchrer<br \/>\nvorzeigt, braucht es eine gesicherte Zukunft der S\u00fcdwestfalen Agentur<br \/>\nnach der Regionale 2025.<\/p>\n<p>Drei Jahre Rezession untergraben unser eigenes finanzielles<br \/>\nFundament. Die Haushaltsdefizite des Kreises und unserer St\u00e4dte und<br \/>\nGemeinden sind alarmierend. Auch wenn es uns noch so schwerf\u00e4llt:<br \/>\nUnsere W\u00fcnsche und unsere Ausgaben m\u00fcssen sich an der finanziellen<br \/>\nLeistungsf\u00e4higkeit unseres Landes orientieren.<\/p>\n<p>Unser Kreishaushalt ist zu gro\u00dfen Teilen ein Sozialhaushalt. Rund 75%<br \/>\naller Ausgaben der Kreisverwaltung flie\u00dfen direkt oder indirekt in<br \/>\nSozialleistungen. Das Jahr 2024 wurde mit dem geplanten Defizit von 37<br \/>\nMillionen Euro abgeschlossen. F\u00fcr 2025 erwarten wir nach den<br \/>\nbisherigen Zahlen ein Defizit von 42 Millionen Euro. Ausgleichsr\u00fccklage<br \/>\nund allgemeine R\u00fccklage sind aufgebraucht, so dass die Hebes\u00e4tze der<br \/>\nKreisumlage erh\u00f6ht werden m\u00fcssen. Das belastet unsere<br \/>\nkreisangeh\u00f6rigen St\u00e4dte und Gemeinden. Unsere Aufgabe ist es, auch<br \/>\nunter diesen Bedingungen die Handlungsf\u00e4higkeit des Kreises zu<br \/>\nsichern. Die kommunale Familie, meine Damen und Herren, zahlt zu viel<br \/>\nf\u00fcr Entscheidungen, die andere staatliche Ebenen getroffen haben.<br \/>\nBundes- und Landesregierung haben das Problem der fehlenden<br \/>\nKonnexit\u00e4t zwischen den staatlichen Ebenen durchaus erkannt und<br \/>\nAbhilfe versprochen. Wir werden sie an die z\u00fcgige Umsetzung<br \/>\nhartn\u00e4ckig erinnern. Wir d\u00fcrfen aber nicht nur mit dem Finger auf Andere<br \/>\nzeigen.<\/p>\n<p>Auch wir haben M\u00f6glichkeiten, unseren Teil zum Sparen beizutragen.<br \/>\nDer Kreistagsbeschluss der letzten Wahlperiode zur Konsolidierung der<br \/>\nAusgaben, auch der Personalausgaben, ist f\u00fcr mich Aufgabe und<br \/>\nVerpflichtung in den anstehenden Haushaltsberatungen. Ich werde<br \/>\ngemeinsam mit den B\u00fcrgermeisterinnen und B\u00fcrgermeistern zudem<br \/>\nnach weiteren Chancen in der interkommunalen Zusammenarbeit<br \/>\nsuchen.<\/p>\n<p>Ein besonderer Fokus liegt auf der Sanierung der<br \/>\nBeteiligungsgesellschaften des Kreises. Wir m\u00fcssen hier Transparenz<br \/>\nschaffen und klare, zukunftsf\u00e4hige Strategien entwickeln. Beteiligungen<br \/>\nsind dabei kein Selbstzweck; sie m\u00fcssen einen erlebbaren Mehrwert f\u00fcr<br \/>\ndie B\u00fcrger und die Zukunftsf\u00e4higkeit des Kreises liefern.<br \/>\nDie M\u00e4rkischen Kliniken stellen als Maximalversorger unsere Gesundheit<br \/>\nauf hohem Niveau sicher. Ich setze mich mit aller Kraft f\u00fcr den Erhalt und<br \/>\ndie Zukunftsf\u00e4higkeit der Kliniken ein und werde die finanzielle<br \/>\nKonsolidierung eng begleiten. Die \u00e4rztliche Versorgung im l\u00e4ndlichen<br \/>\nRaum, insbesondere mit Fach\u00e4rzten, m\u00fcssen wir gew\u00e4hrleisten.<br \/>\nDie M\u00e4rkische Verkehrsgesellschaft stellt den \u00d6ffentlichen<br \/>\nPersonennahverkehr sicher. Das ist eine herausfordernde Aufgabe in<br \/>\neinem Fl\u00e4chenkreis. Mit dem neuen Nahverkehrsplan, den wir zum Ende<br \/>\nder letzten Legislaturperiode verabschiedet haben, bieten wir ein gutes<br \/>\nAngebot. Mobilit\u00e4t bedeutet Teilhabe, Bildung wahrnehmen k\u00f6nnen,<br \/>\nArbeit finden und Freunde treffen. Wir werden das bestehende Angebot<br \/>\nweiterentwickeln m\u00fcssen und verst\u00e4rkt auf neue M\u00f6glichkeiten setzen,<br \/>\nwie die On-Demand-Angebote (BEA).<\/p>\n<p>In dieser Wahlperiode wird der Kreistag auch Entscheidungen \u00fcber die<br \/>\nZukunft des Unternehmensverbundes AMK und des M\u00fcllheizkraftwerkes<br \/>\nin Iserlohn treffen m\u00fcssen. Dieses Thema steht sp\u00e4ter noch auf der<br \/>\nheutigen Tagesordnung.<\/p>\n<p>Ich komme nochmal auf den eingangs erw\u00e4hnten Psychologen zur\u00fcck:<br \/>\nDer innere R\u00fcckzug, den Gr\u00fcnewald beschreibt, f\u00fchrt auch zu einer<br \/>\nVerarmung an Resonanz und kollektiver Erfahrung. Dem m\u00fcssen wir<br \/>\nim M\u00e4rkischen Kreis aktiv entgegenwirken.<\/p>\n<p>So steht unser Kreis vor massiven demografischen Herausforderungen.<br \/>\nDie Abwanderung junger Menschen und der Fachkr\u00e4ftemangel sind die<br \/>\nKehrseite der &#8222;gestauten Energie&#8220;. Wir m\u00fcssen attraktiver werden!<br \/>\nUnsere Strategie muss lauten: Junge Menschen halten und<br \/>\nqualifizierte Fachkr\u00e4fte gewinnen. Bildung ist der Schl\u00fcssel zur<br \/>\nFreisetzung unserer Energiereserven, unter anderem in unseren<br \/>\nmodernen und gut ausgestatteten Berufskollegs des M\u00e4rkischen<br \/>\nKreises. Wichtig ist mir in dem Zusammenhang auch eine gute und<br \/>\nvertrauensvolle Zusammenarbeit mit den Schuldirektoren, mit denen ich<br \/>\ndas Schulamt f\u00fcr den M\u00e4rkischen Kreis bilde. Mein Ziel ist es, alle<br \/>\nSchulen und Ausbildungseinrichtungen enger zu vernetzen. Das<br \/>\nRegionale Bildungsnetzwerk MK leistet hier bereits hervorragende<br \/>\nArbeit.<\/p>\n<p>Wir m\u00fcssen die B\u00fcrger aus der &#8222;Komfortzone des Privaten&#8220; in eine echte<br \/>\nResonanz mit der Verwaltung f\u00fchren. Das gelingt nur mit einer<br \/>\nb\u00fcrgernahen, digitalen Verwaltung, mit Online-Antr\u00e4gen, digitalen<br \/>\nSprechstunden und Avataren, schnellen und unb\u00fcrokratischen<br \/>\nProzessen und dem klugen Einsatz von KI-Instrumenten.<br \/>\nDigitalisierung ist keine K\u00fcr, sondern Pflicht- und<br \/>\n\u00dcberlebensstrategie, um knappe Personalressourcen zu entlasten und<br \/>\nden B\u00fcrgern Zeit zu schenken.<\/p>\n<p>Die Ver\u00e4nderung von Verwaltungsprozessen und die Einf\u00fchrung von<br \/>\nneuen Tools setzt eine enge und vertrauensvolle Zusammenarbeit mit<br \/>\nden rund 1.900 Mitarbeiterinnen und Mitarbeitern der Kreisverwaltung<br \/>\n(inkl. Jobcenter) voraus.<\/p>\n<p>Motivation und Leistungsbereitschaft setze ich bei allen Mitarbeitern<br \/>\nvoraus. Meine Aufgabe ist es, diese zu erhalten \u2013 durch das Schaffen<br \/>\nvon Gestaltungsm\u00f6glichkeiten am Arbeitsplatz und durch geeignete<br \/>\nRahmenbedingungen, in denen erfolgreiches Arbeiten m\u00f6glich ist. Meine<br \/>\nErfahrung als Unternehmer ist, dass Erfolge die sch\u00f6nste Form der<br \/>\nAnerkennung sind.<\/p>\n<p>Die gr\u00f6\u00dfte Gefahr der Krisenakrobatik im Alleingang ist der Verlust<br \/>\ndes Vertrauens in das gemeinsame Netz. Vertrauen, Verbundenheit und<br \/>\nSicherheit sind unsere wichtigsten Ressourcen.<\/p>\n<p>Der vergangene Wahlkampf hat gezeigt, wie sehr das Thema<br \/>\n\u201eSicherheit\u201c die Menschen vor Ort bewegt hat. Als Chef der<br \/>\nKreispolizeibeh\u00f6rde ist dies eine besondere Verpflichtung.<\/p>\n<p>Absichten, die Polizei in gro\u00dfe Pr\u00e4sidien zusammenzufassen, halte ich<br \/>\ndaher f\u00fcr uns l\u00e4ndlich gepr\u00e4gte Beh\u00f6rden f\u00fcr falsch. Es ginge nicht nur<br \/>\ndie notwendige B\u00fcrgern\u00e4he verloren, es w\u00fcrden auch erfolgreiche, in<br \/>\nlangj\u00e4hriger Arbeit entstandene Strukturen zerschlagen.<\/p>\n<p>Die gute Zusammenarbeit zwischen der Polizei, den Fachdiensten der<br \/>\nKreisverwaltung, den Schulen und weiteren Akteuren hat sich in der<br \/>\nderzeitigen Organisationsform bew\u00e4hrt. Ich freue mich auf die<br \/>\nkommende Strategiesitzung, in der wir \u00fcber lokale Schwerpunkte der<br \/>\npolizeilichen Arbeit sprechen werden.<\/p>\n<p>Meine Damen und Herren,<\/p>\n<p>um den oben genannten Herausforderungen begegnen zu k\u00f6nnen,<br \/>\nwerde ich meine gesamten beruflichen und politischen Erfahrungen,<br \/>\ninsbesondere aber meine Pr\u00e4gung als Gesch\u00e4ftsf\u00fchrer eines<br \/>\ninternational agierenden Familienunternehmens, der in einer<br \/>\nUnternehmerfamilie aufgewachsen ist, mit einbringen.<br \/>\nErfolgreich und stark sind wir nur gemeinsam.<\/p>\n<p>Ausdr\u00fccklich dankbar bin ich f\u00fcr die Unterst\u00fctzung unserer<br \/>\nKreisdirektorin Barbara Dienstel-K\u00fcmper, die mir mit Rat und Tat zur<br \/>\nSeite steht. Ich baue auf die Unterst\u00fctzung der Fachbereichsleiter und<br \/>\nallen weiteren F\u00fchrungskr\u00e4ften im Haus sowie auf die Expertise und das<br \/>\nEngagement aller Mitarbeiter. Daf\u00fcr bedanke ich mich bereits heute.<br \/>\nAbsolut notwendig ist eine vertrauensvolle und transparente<br \/>\nZusammenarbeit mit Ihnen, den Kreistagsabgeordneten. Der Kreistag ist<br \/>\nDAS wichtigste Organ der politischen Willensbildung. Als Bindeglied zur<br \/>\nVerwaltung und zugleich dessen Chef ist es mir eine<br \/>\nHerzensangelegenheit, mit Ihnen und Ihren Fraktionen eng und<br \/>\nvertrauensvoll zusammenzuarbeiten. Dies biete ich Ihnen an dieser<br \/>\nStelle ausdr\u00fccklich an.<\/p>\n<p>Mein herzliches Willkommen dazu allen Mitgliedern des Kreistages der<br \/>\nelften Wahlperiode und besonders den vielen neuen Abgeordneten.<br \/>\nIch freue mich \u00fcber Ihre Bereitschaft, Verantwortung f\u00fcr die Zukunft<br \/>\nunseres Kreises zu \u00fcbernehmen. Und der M\u00e4rkische Kreis hat mit<br \/>\nseinen knapp 410.000 Einwohnern, seiner Fl\u00e4che und seiner<br \/>\nWirtschaftskraft einen besonderen Stellenwert in der Bundesrepublik<br \/>\nDeutschland.<\/p>\n<p>Sie als Kreistagsabgeordnete und ich als Landrat stehen in der Pflicht,<br \/>\nzum Wohle des Ganzen die Kreisinteressen zu vertreten. Wir haben mit<br \/>\n86 Abgeordneten den gr\u00f6\u00dften Kreistag in der Geschichte des<br \/>\nM\u00e4rkischen Kreises. Dies erfordert ein diszipliniertes Arbeiten auf<br \/>\nGrundlage der demokratischen Grundordnung unseres Grundgesetzes<br \/>\nund der Verfassung unseres Landes Nordrhein-Westfalen.<br \/>\nSehr geehrte Damen und Herren,<\/p>\n<p>Gr\u00fcnewald beschreibt die bisherige Krisenakrobatik als Versuch, einen<br \/>\nSprung ins Gewisse zu vollziehen: (ich zitiere) \u201edas Vertraute, bereits<br \/>\nBekannte und Tradierte sollte bewahrt oder reaktiviert werden. Das<br \/>\nSchneckenhaus, der Verdr\u00e4ngungsvorhang, die abschottenden mentalen<br \/>\nMauern, die sozialen Bollwerke und hermetischen Silos sind Symbole<br \/>\neiner absichernden Haltung, die unbedingt auf Netz und doppelten<br \/>\nBoden setzt.\u201c<\/p>\n<p>Aber f\u00fcr die nun anstehenden Ver\u00e4nderungen, braucht es den gro\u00dfen<br \/>\nSprung in das Ungewisse.<\/p>\n<p>Lassen Sie uns die Silodarit\u00e4t beenden und mit Offenheit und<br \/>\nVerbundenheit echte Solidarit\u00e4t schaffen.<\/p>\n<p>Als politische Krisenakrobaten des M\u00e4rkischen Kreises zeigen wir<br \/>\nBalance und Stabilit\u00e4t. Wir haben Ausdauer und sind flexibel. Wir<br \/>\narbeiten mit Disziplin und Pr\u00e4zision. Wir haben Mut und Vertrauen.<br \/>\nLassen Sie uns gemeinsam beweisen: Der M\u00e4rkische Kreis ist nicht nur<br \/>\nein Ort der Krisenakrobaten, sondern der Krisen\u00fcberwinder und<br \/>\nZukunftsmacher.<\/p>\n<p>Ich freue mich auf die Zusammenarbeit!<\/p>\n<p>Vielen Dank f\u00fcr Ihre Aufmerksamkeit!<\/p><\/blockquote>\n<p><strong>Wirtschaft ein Schwerpunkt<\/strong><\/p>\n<p>Ralf Schwarzkopf stellte in seiner Antrittsrede die besonderen Herausforderungen f\u00fcr den neuen Kreistag heraus und rief zur Solidarit\u00e4t auf. Der fr\u00fchere erfolgreiche Unternehmer stellte die Entwicklung der heimischen Unternehmen in den Mittelpunkt seiner Rede. Die Industrie sichere den heimischen Wohlstand. \u201eWir m\u00fcssen als Kreis zum zentralen Anwalt der Wirtschaft werden.\u201c In der Kreisverwaltung seien bereits erste Schritte unternommen worden, um ein umfassendes Energiekonzept f\u00fcr den M\u00e4rkischen Kreis zu erstellen. Schwarzkopf: \u201eDamit werden wir alle sinnvollen M\u00f6glichkeiten nutzen, um regenerative Energien zu f\u00f6rdern, von der Wind- bis zur Wasserkraft. Insbesondere die Chancen des Wasserstoffs wollen wir f\u00fcr unsere Region nutzen.<\/p>\n<p><strong>H\u00f6here Kreisumlage<\/strong><\/p>\n<p>Weitere Themen des neuen Landrats waren die angespannte Haushaltslage des Kreises. F\u00fcr das laufende Jahr werde ein Defizit von 42 Millionen Euro erwartet, die R\u00fccklagen seien aufgebraucht. Schwarzkopf: \u201e\u2026.so dass die Hebesetze der Kreisumlage erh\u00f6ht werden m\u00fcssen. Das belastet unsere Kreisangeh\u00f6rigen St\u00e4dte und Gemeinden.\u201c Die St\u00e4rkung der S\u00fcdwestfalen Agentur GmbH, die Zukunftssicherung der M\u00e4rkischen Kliniken, die Aufrechterhaltung des \u00d6PNV mit der M\u00e4rkischen Verkehrsgesellschaft (MVG) sowie der Bestand der Abfallentsorgungsgesellschaft des M\u00e4rkischen Kreises in Iserlohn (AMK) mit dem M\u00fcllheizkraftwerk in Iserlohn waren weitere Schwerpunkte in Schwarzkopfs Antrittsrede.<\/p>\n<p><strong>Ohrmann und Rothstein Vize-Landr\u00e4te<\/strong><\/p>\n<p>In geheimer Wahl wurden die stellvertretenden Landr\u00e4te gew\u00e4hlt: Stefan Ohrmann (CDU) als erster stellvertretender Landrat und Wolfgang Rothstein (SPD) als zweiter stellvertretender Landrat. Beide erhielten in geheimer Wahl von den 84 abgegebenen g\u00fcltigen Stimmen 72 Ja-Stimmen und vier Nein-Stimmen. Acht Kreistagsabgeordnete hatten sich enthalten.<\/p>\n<p><strong>Bilder der konstituierenden Sitzung:<\/strong><\/p>\n<style id=\"bwg-style-0\">    #bwg_container1_0 #bwg_container2_0 .bwg-container-0.bwg-standard-thumbnails {      width: 754px;              justify-content: center;        margin:0 auto !important;              background-color: rgba(255, 255, 255, 0.00);            padding-left: 4px;      padding-top: 4px;      max-width: 100%;            }        #bwg_container1_0 #bwg_container2_0 .bwg-container-0.bwg-standard-thumbnails .bwg-item {    justify-content: flex-start;      max-width: 250px;          }    #bwg_container1_0 #bwg_container2_0 .bwg-container-0.bwg-standard-thumbnails .bwg-item a {       margin-right: 4px;       margin-bottom: 4px;    }    #bwg_container1_0 #bwg_container2_0 .bwg-container-0.bwg-standard-thumbnails .bwg-item0 {      padding: 0px;            background-color:rgba(0,0,0, 0.30);      border: 0px none #CCCCCC;      opacity: 1.00;      border-radius: 0;      box-shadow: ;    }    #bwg_container1_0 #bwg_container2_0 .bwg-container-0.bwg-standard-thumbnails .bwg-item1 img {      max-height: none;      max-width: none;      padding: 0 !important;    }         @media only screen and (min-width: 480px) {\t\t#bwg_container1_0 #bwg_container2_0 .bwg-container-0.bwg-standard-thumbnails .bwg-item1 img {\t\t\t-webkit-transition: all .3s; transition: all .3s;\t\t}\t\t#bwg_container1_0 #bwg_container2_0 .bwg-container-0.bwg-standard-thumbnails .bwg-item1 img:hover {\t\t\t-ms-transform: scale(1.08);\t\t\t-webkit-transform: scale(1.08);\t\t\ttransform: scale(1.08);\t\t}\t\t\t\t.bwg-standard-thumbnails .bwg-zoom-effect .bwg-zoom-effect-overlay {\t\t\t\t\t\tbackground-color:rgba(0,0,0, 0.3);\t\t}\t\t.bwg-standard-thumbnails .bwg-zoom-effect:hover img {\t\t\t-ms-transform: scale(1.08);\t\t\t-webkit-transform: scale(1.08);\t\t\ttransform: scale(1.08);\t\t}\t\t      }\t    #bwg_container1_0 #bwg_container2_0 .bwg-container-0.bwg-standard-thumbnails .bwg-item1 {      padding-top: 56%;    }        #bwg_container1_0 #bwg_container2_0 .bwg-container-0.bwg-standard-thumbnails .bwg-title1 {      position: absolute;      top: 0;      z-index: 100;      width: 100%;      height: 100%;      display: flex;      justify-content: center;      align-content: center;      flex-direction: column;      opacity: 0;    }\t      #bwg_container1_0 #bwg_container2_0 .bwg-container-0.bwg-standard-thumbnails .bwg-title2,    #bwg_container1_0 #bwg_container2_0 .bwg-container-0.bwg-standard-thumbnails .bwg-ecommerce2 {      color: #FFFFFF;      font-family: Ubuntu;      font-size: 16px;      font-weight: bold;      padding: 2px;      text-shadow: ;      max-height: 100%;    }    #bwg_container1_0 #bwg_container2_0 .bwg-container-0.bwg-standard-thumbnails .bwg-thumb-description span {    color: #323A45;    font-family: Ubuntu;    font-size: 12px;    max-height: 100%;    word-wrap: break-word;    }    #bwg_container1_0 #bwg_container2_0 .bwg-container-0.bwg-standard-thumbnails .bwg-play-icon2 {      font-size: 32px;    }    #bwg_container1_0 #bwg_container2_0 .bwg-container-0.bwg-standard-thumbnails .bwg-ecommerce2 {      font-size: 19.2px;      color: #323A45;    }    <\/style>    <div id=\"bwg_container1_0\"         class=\"bwg_container bwg_thumbnail bwg_thumbnails \"         data-right-click-protection=\"0\"         data-bwg=\"0\"         data-scroll=\"0\"         data-gallery-type=\"thumbnails\"         data-gallery-view-type=\"thumbnails\"         data-current-url=\"\/index.php\/wp-json\/wp\/v2\/posts\/22751\"         data-lightbox-url=\"https:\/\/www.mk-journal.de\/wp-admin\/admin-ajax.php?action=GalleryBox&#038;current_view=0&#038;gallery_id=9&#038;tag=0&#038;theme_id=1&#038;shortcode_id=26&#038;sort_by=order&#038;order_by=asc&#038;current_url=%2Findex.php%2Fwp-json%2Fwp%2Fv2%2Fposts%2F22751\"         data-gallery-id=\"9\"         data-popup-width=\"800\"         data-popup-height=\"500\"         data-is-album=\"gallery\"         data-buttons-position=\"bottom\">      <div id=\"bwg_container2_0\">             <div id=\"ajax_loading_0\" class=\"bwg_loading_div_1\">      <div class=\"bwg_loading_div_2\">        <div class=\"bwg_loading_div_3\">          <div id=\"loading_div_0\" class=\"bwg_spider_ajax_loading\">          <\/div>        <\/div>      <\/div>    <\/div>            <form id=\"gal_front_form_0\"              class=\"bwg-hidden\"              method=\"post\"              action=\"#\"              data-current=\"0\"              data-shortcode-id=\"26\"              data-gallery-type=\"thumbnails\"              data-gallery-id=\"9\"              data-tag=\"0\"              data-album-id=\"0\"              data-theme-id=\"1\"              data-ajax-url=\"https:\/\/www.mk-journal.de\/wp-admin\/admin-ajax.php?action=bwg_frontend_data\">          <div id=\"bwg_container3_0\" class=\"bwg-background bwg-background-0\">                <div data-max-count=\"3\"         data-thumbnail-width=\"250\"         data-bwg=\"0\"         data-gallery-id=\"9\"         data-lightbox-url=\"https:\/\/www.mk-journal.de\/wp-admin\/admin-ajax.php?action=GalleryBox&amp;current_view=0&amp;gallery_id=9&amp;tag=0&amp;theme_id=1&amp;shortcode_id=26&amp;sort_by=order&amp;order_by=asc&amp;current_url=%2Findex.php%2Fwp-json%2Fwp%2Fv2%2Fposts%2F22751\"         id=\"bwg_thumbnails_0\"         class=\"bwg-container-0 bwg-thumbnails bwg-standard-thumbnails bwg-container bwg-border-box\">            <div class=\"bwg-item\">        <a class=\"bwg-a  bwg_lightbox\"  data-image-id=\"121\" href=\"https:\/\/www.mk-journal.de\/wp-content\/uploads\/photo-gallery\/Div\/2025_11_13_Kreistag_MK\/HKL_KRTLUD20251113-15.jpg?bwg=1763119091\" data-elementor-open-lightbox=\"no\">                <div class=\"bwg-item0 \">          <div class=\"bwg-item1 bwg-zoom-effect\">            <div class=\"bwg-item2\">              <img decoding=\"async\" class=\"lazyload skip-lazy bwg_standart_thumb_img_0 \"                   data-id=\"121\"                   data-width=\"500.00\"                   data-height=\"333.00\"                   data-src=\"https:\/\/www.mk-journal.de\/wp-content\/uploads\/photo-gallery\/Div\/2025_11_13_Kreistag_MK\/thumb\/HKL_KRTLUD20251113-15.jpg?bwg=1763119091\"                   src=\"data:image\/svg+xml,%3Csvg%20xmlns%3D%27http%3A%2F%2Fwww.w3.org%2F2000%2Fsvg%27%20width%3D%27500%27%20height%3D%27333%27%20viewBox%3D%270%200%20500%20333%27%3E%3Crect%20width%3D%27500%27%20height%3D%27333%27%20fill-opacity%3D%220%22%2F%3E%3C%2Fsvg%3E\" data-orig-src=\"https:\/\/www.mk-journal.de\/wp-content\/uploads\/photo-gallery\/Div\/2025_11_13_Kreistag_MK\/thumb\/HKL_KRTLUD20251113-15.jpg?bwg=1763119091\"                   alt=\"HKL KRTLUD20251113-15\"                   title=\"HKL KRTLUD20251113-15\" \/>            <\/div>            <div class=\"bwg-zoom-effect-overlay\">              <div class=\"bwg-title1\"><div class=\"bwg-title2\">HKL KRTLUD20251113-15<\/div><\/div>                                        <\/div>          <\/div>        <\/div>                        <\/a>              <\/div>            <div class=\"bwg-item\">        <a class=\"bwg-a  bwg_lightbox\"  data-image-id=\"122\" href=\"https:\/\/www.mk-journal.de\/wp-content\/uploads\/photo-gallery\/Div\/2025_11_13_Kreistag_MK\/HKL_KRTLUD20251113-1.jpg?bwg=1763119091\" data-elementor-open-lightbox=\"no\">                <div class=\"bwg-item0 \">          <div class=\"bwg-item1 bwg-zoom-effect\">            <div class=\"bwg-item2\">              <img decoding=\"async\" class=\"lazyload skip-lazy bwg_standart_thumb_img_0 \"                   data-id=\"122\"                   data-width=\"500.00\"                   data-height=\"333.00\"                   data-src=\"https:\/\/www.mk-journal.de\/wp-content\/uploads\/photo-gallery\/Div\/2025_11_13_Kreistag_MK\/thumb\/HKL_KRTLUD20251113-1.jpg?bwg=1763119091\"                   src=\"data:image\/svg+xml,%3Csvg%20xmlns%3D%27http%3A%2F%2Fwww.w3.org%2F2000%2Fsvg%27%20width%3D%27500%27%20height%3D%27333%27%20viewBox%3D%270%200%20500%20333%27%3E%3Crect%20width%3D%27500%27%20height%3D%27333%27%20fill-opacity%3D%220%22%2F%3E%3C%2Fsvg%3E\" data-orig-src=\"https:\/\/www.mk-journal.de\/wp-content\/uploads\/photo-gallery\/Div\/2025_11_13_Kreistag_MK\/thumb\/HKL_KRTLUD20251113-1.jpg?bwg=1763119091\"                   alt=\"HKL KRTLUD20251113-1\"                   title=\"HKL KRTLUD20251113-1\" \/>            <\/div>            <div class=\"bwg-zoom-effect-overlay\">              <div class=\"bwg-title1\"><div class=\"bwg-title2\">HKL KRTLUD20251113-1<\/div><\/div>                                        <\/div>          <\/div>        <\/div>                        <\/a>              <\/div>            <div class=\"bwg-item\">        <a class=\"bwg-a  bwg_lightbox\"  data-image-id=\"123\" href=\"https:\/\/www.mk-journal.de\/wp-content\/uploads\/photo-gallery\/Div\/2025_11_13_Kreistag_MK\/HKL_KRTLUD20251113-20.jpg?bwg=1763119091\" data-elementor-open-lightbox=\"no\">                <div class=\"bwg-item0 \">          <div class=\"bwg-item1 bwg-zoom-effect\">            <div class=\"bwg-item2\">              <img decoding=\"async\" class=\"lazyload skip-lazy bwg_standart_thumb_img_0 \"                   data-id=\"123\"                   data-width=\"500.00\"                   data-height=\"333.00\"                   data-src=\"https:\/\/www.mk-journal.de\/wp-content\/uploads\/photo-gallery\/Div\/2025_11_13_Kreistag_MK\/thumb\/HKL_KRTLUD20251113-20.jpg?bwg=1763119091\"                   src=\"data:image\/svg+xml,%3Csvg%20xmlns%3D%27http%3A%2F%2Fwww.w3.org%2F2000%2Fsvg%27%20width%3D%27500%27%20height%3D%27333%27%20viewBox%3D%270%200%20500%20333%27%3E%3Crect%20width%3D%27500%27%20height%3D%27333%27%20fill-opacity%3D%220%22%2F%3E%3C%2Fsvg%3E\" data-orig-src=\"https:\/\/www.mk-journal.de\/wp-content\/uploads\/photo-gallery\/Div\/2025_11_13_Kreistag_MK\/thumb\/HKL_KRTLUD20251113-20.jpg?bwg=1763119091\"                   alt=\"HKL KRTLUD20251113-20\"                   title=\"HKL KRTLUD20251113-20\" \/>            <\/div>            <div class=\"bwg-zoom-effect-overlay\">              <div class=\"bwg-title1\"><div class=\"bwg-title2\">HKL KRTLUD20251113-20<\/div><\/div>                                        <\/div>          <\/div>        <\/div>                        <\/a>              <\/div>            <div class=\"bwg-item\">        <a class=\"bwg-a  bwg_lightbox\"  data-image-id=\"124\" href=\"https:\/\/www.mk-journal.de\/wp-content\/uploads\/photo-gallery\/Div\/2025_11_13_Kreistag_MK\/HKL_KRTLUD20251113-17.jpg?bwg=1763119091\" data-elementor-open-lightbox=\"no\">                <div class=\"bwg-item0 \">          <div class=\"bwg-item1 bwg-zoom-effect\">            <div class=\"bwg-item2\">              <img decoding=\"async\" class=\"lazyload skip-lazy bwg_standart_thumb_img_0 \"                   data-id=\"124\"                   data-width=\"500.00\"                   data-height=\"333.00\"                   data-src=\"https:\/\/www.mk-journal.de\/wp-content\/uploads\/photo-gallery\/Div\/2025_11_13_Kreistag_MK\/thumb\/HKL_KRTLUD20251113-17.jpg?bwg=1763119091\"                   src=\"data:image\/svg+xml,%3Csvg%20xmlns%3D%27http%3A%2F%2Fwww.w3.org%2F2000%2Fsvg%27%20width%3D%27500%27%20height%3D%27333%27%20viewBox%3D%270%200%20500%20333%27%3E%3Crect%20width%3D%27500%27%20height%3D%27333%27%20fill-opacity%3D%220%22%2F%3E%3C%2Fsvg%3E\" data-orig-src=\"https:\/\/www.mk-journal.de\/wp-content\/uploads\/photo-gallery\/Div\/2025_11_13_Kreistag_MK\/thumb\/HKL_KRTLUD20251113-17.jpg?bwg=1763119091\"                   alt=\"HKL KRTLUD20251113-17\"                   title=\"HKL KRTLUD20251113-17\" \/>            <\/div>            <div class=\"bwg-zoom-effect-overlay\">              <div class=\"bwg-title1\"><div class=\"bwg-title2\">HKL KRTLUD20251113-17<\/div><\/div>                                        <\/div>          <\/div>        <\/div>                        <\/a>              <\/div>            <div class=\"bwg-item\">        <a class=\"bwg-a  bwg_lightbox\"  data-image-id=\"125\" href=\"https:\/\/www.mk-journal.de\/wp-content\/uploads\/photo-gallery\/Div\/2025_11_13_Kreistag_MK\/HKL_KRTLUD20251113-19.jpg?bwg=1763119091\" data-elementor-open-lightbox=\"no\">                <div class=\"bwg-item0 \">          <div class=\"bwg-item1 bwg-zoom-effect\">            <div class=\"bwg-item2\">              <img decoding=\"async\" class=\"lazyload skip-lazy bwg_standart_thumb_img_0 \"                   data-id=\"125\"                   data-width=\"500.00\"                   data-height=\"333.00\"                   data-src=\"https:\/\/www.mk-journal.de\/wp-content\/uploads\/photo-gallery\/Div\/2025_11_13_Kreistag_MK\/thumb\/HKL_KRTLUD20251113-19.jpg?bwg=1763119091\"                   src=\"data:image\/svg+xml,%3Csvg%20xmlns%3D%27http%3A%2F%2Fwww.w3.org%2F2000%2Fsvg%27%20width%3D%27500%27%20height%3D%27333%27%20viewBox%3D%270%200%20500%20333%27%3E%3Crect%20width%3D%27500%27%20height%3D%27333%27%20fill-opacity%3D%220%22%2F%3E%3C%2Fsvg%3E\" data-orig-src=\"https:\/\/www.mk-journal.de\/wp-content\/uploads\/photo-gallery\/Div\/2025_11_13_Kreistag_MK\/thumb\/HKL_KRTLUD20251113-19.jpg?bwg=1763119091\"                   alt=\"HKL KRTLUD20251113-19\"                   title=\"HKL KRTLUD20251113-19\" \/>            <\/div>            <div class=\"bwg-zoom-effect-overlay\">              <div class=\"bwg-title1\"><div class=\"bwg-title2\">HKL KRTLUD20251113-19<\/div><\/div>                                        <\/div>          <\/div>        <\/div>                        <\/a>              <\/div>            <div class=\"bwg-item\">        <a class=\"bwg-a  bwg_lightbox\"  data-image-id=\"126\" href=\"https:\/\/www.mk-journal.de\/wp-content\/uploads\/photo-gallery\/Div\/2025_11_13_Kreistag_MK\/HKL_KRTLUD20251113-2.jpg?bwg=1763119091\" data-elementor-open-lightbox=\"no\">                <div class=\"bwg-item0 \">          <div class=\"bwg-item1 bwg-zoom-effect\">            <div class=\"bwg-item2\">              <img decoding=\"async\" class=\"lazyload skip-lazy bwg_standart_thumb_img_0 \"                   data-id=\"126\"                   data-width=\"500.00\"                   data-height=\"333.00\"                   data-src=\"https:\/\/www.mk-journal.de\/wp-content\/uploads\/photo-gallery\/Div\/2025_11_13_Kreistag_MK\/thumb\/HKL_KRTLUD20251113-2.jpg?bwg=1763119091\"                   src=\"data:image\/svg+xml,%3Csvg%20xmlns%3D%27http%3A%2F%2Fwww.w3.org%2F2000%2Fsvg%27%20width%3D%27500%27%20height%3D%27333%27%20viewBox%3D%270%200%20500%20333%27%3E%3Crect%20width%3D%27500%27%20height%3D%27333%27%20fill-opacity%3D%220%22%2F%3E%3C%2Fsvg%3E\" data-orig-src=\"https:\/\/www.mk-journal.de\/wp-content\/uploads\/photo-gallery\/Div\/2025_11_13_Kreistag_MK\/thumb\/HKL_KRTLUD20251113-2.jpg?bwg=1763119091\"                   alt=\"HKL KRTLUD20251113-2\"                   title=\"HKL KRTLUD20251113-2\" \/>            <\/div>            <div class=\"bwg-zoom-effect-overlay\">              <div class=\"bwg-title1\"><div class=\"bwg-title2\">HKL KRTLUD20251113-2<\/div><\/div>                                        <\/div>          <\/div>        <\/div>                        <\/a>              <\/div>            <div class=\"bwg-item\">        <a class=\"bwg-a  bwg_lightbox\"  data-image-id=\"127\" href=\"https:\/\/www.mk-journal.de\/wp-content\/uploads\/photo-gallery\/Div\/2025_11_13_Kreistag_MK\/HKL_KRTLUD20251113-3.jpg?bwg=1763119091\" data-elementor-open-lightbox=\"no\">                <div class=\"bwg-item0 \">          <div class=\"bwg-item1 bwg-zoom-effect\">            <div class=\"bwg-item2\">              <img decoding=\"async\" class=\"lazyload skip-lazy bwg_standart_thumb_img_0 \"                   data-id=\"127\"                   data-width=\"500.00\"                   data-height=\"333.00\"                   data-src=\"https:\/\/www.mk-journal.de\/wp-content\/uploads\/photo-gallery\/Div\/2025_11_13_Kreistag_MK\/thumb\/HKL_KRTLUD20251113-3.jpg?bwg=1763119091\"                   src=\"data:image\/svg+xml,%3Csvg%20xmlns%3D%27http%3A%2F%2Fwww.w3.org%2F2000%2Fsvg%27%20width%3D%27500%27%20height%3D%27333%27%20viewBox%3D%270%200%20500%20333%27%3E%3Crect%20width%3D%27500%27%20height%3D%27333%27%20fill-opacity%3D%220%22%2F%3E%3C%2Fsvg%3E\" data-orig-src=\"https:\/\/www.mk-journal.de\/wp-content\/uploads\/photo-gallery\/Div\/2025_11_13_Kreistag_MK\/thumb\/HKL_KRTLUD20251113-3.jpg?bwg=1763119091\"                   alt=\"HKL KRTLUD20251113-3\"                   title=\"HKL KRTLUD20251113-3\" \/>            <\/div>            <div class=\"bwg-zoom-effect-overlay\">              <div class=\"bwg-title1\"><div class=\"bwg-title2\">HKL KRTLUD20251113-3<\/div><\/div>                                        <\/div>          <\/div>        <\/div>                        <\/a>              <\/div>            <div class=\"bwg-item\">        <a class=\"bwg-a  bwg_lightbox\"  data-image-id=\"128\" href=\"https:\/\/www.mk-journal.de\/wp-content\/uploads\/photo-gallery\/Div\/2025_11_13_Kreistag_MK\/HKL_KRTLUD20251113-4.jpg?bwg=1763119091\" data-elementor-open-lightbox=\"no\">                <div class=\"bwg-item0 \">          <div class=\"bwg-item1 bwg-zoom-effect\">            <div class=\"bwg-item2\">              <img decoding=\"async\" class=\"lazyload skip-lazy bwg_standart_thumb_img_0 \"                   data-id=\"128\"                   data-width=\"500.00\"                   data-height=\"333.00\"                   data-src=\"https:\/\/www.mk-journal.de\/wp-content\/uploads\/photo-gallery\/Div\/2025_11_13_Kreistag_MK\/thumb\/HKL_KRTLUD20251113-4.jpg?bwg=1763119091\"                   src=\"data:image\/svg+xml,%3Csvg%20xmlns%3D%27http%3A%2F%2Fwww.w3.org%2F2000%2Fsvg%27%20width%3D%27500%27%20height%3D%27333%27%20viewBox%3D%270%200%20500%20333%27%3E%3Crect%20width%3D%27500%27%20height%3D%27333%27%20fill-opacity%3D%220%22%2F%3E%3C%2Fsvg%3E\" data-orig-src=\"https:\/\/www.mk-journal.de\/wp-content\/uploads\/photo-gallery\/Div\/2025_11_13_Kreistag_MK\/thumb\/HKL_KRTLUD20251113-4.jpg?bwg=1763119091\"                   alt=\"HKL KRTLUD20251113-4\"                   title=\"HKL KRTLUD20251113-4\" \/>            <\/div>            <div class=\"bwg-zoom-effect-overlay\">              <div class=\"bwg-title1\"><div class=\"bwg-title2\">HKL KRTLUD20251113-4<\/div><\/div>                                        <\/div>          <\/div>        <\/div>                        <\/a>              <\/div>            <div class=\"bwg-item\">        <a class=\"bwg-a  bwg_lightbox\"  data-image-id=\"129\" href=\"https:\/\/www.mk-journal.de\/wp-content\/uploads\/photo-gallery\/Div\/2025_11_13_Kreistag_MK\/HKL_KRTLUD20251113-5.jpg?bwg=1763119091\" data-elementor-open-lightbox=\"no\">                <div class=\"bwg-item0 \">          <div class=\"bwg-item1 bwg-zoom-effect\">            <div class=\"bwg-item2\">              <img decoding=\"async\" class=\"lazyload skip-lazy bwg_standart_thumb_img_0 \"                   data-id=\"129\"                   data-width=\"500.00\"                   data-height=\"333.00\"                   data-src=\"https:\/\/www.mk-journal.de\/wp-content\/uploads\/photo-gallery\/Div\/2025_11_13_Kreistag_MK\/thumb\/HKL_KRTLUD20251113-5.jpg?bwg=1763119091\"                   src=\"data:image\/svg+xml,%3Csvg%20xmlns%3D%27http%3A%2F%2Fwww.w3.org%2F2000%2Fsvg%27%20width%3D%27500%27%20height%3D%27333%27%20viewBox%3D%270%200%20500%20333%27%3E%3Crect%20width%3D%27500%27%20height%3D%27333%27%20fill-opacity%3D%220%22%2F%3E%3C%2Fsvg%3E\" data-orig-src=\"https:\/\/www.mk-journal.de\/wp-content\/uploads\/photo-gallery\/Div\/2025_11_13_Kreistag_MK\/thumb\/HKL_KRTLUD20251113-5.jpg?bwg=1763119091\"                   alt=\"HKL KRTLUD20251113-5\"                   title=\"HKL KRTLUD20251113-5\" \/>            <\/div>            <div class=\"bwg-zoom-effect-overlay\">              <div class=\"bwg-title1\"><div class=\"bwg-title2\">HKL KRTLUD20251113-5<\/div><\/div>                                        <\/div>          <\/div>        <\/div>                        <\/a>              <\/div>          <\/div>    <style>      \/*pagination styles*\/      #bwg_container1_0 #bwg_container2_0 .tablenav-pages_0 {\t\t\t\ttext-align: center;\t\t\t\tfont-size: 12px;\t\t\t\tfont-family: Ubuntu;\t\t\t\tfont-weight: bold;\t\t\t\tcolor: #666666;\t\t\t\tmargin: 6px 0 4px;\t\t\t\tdisplay: block;      }      @media only screen and (max-width : 320px) {      #bwg_container1_0 #bwg_container2_0 .displaying-num_0 {     \t display: none;      }      }      #bwg_container1_0 #bwg_container2_0 .displaying-num_0 {\t\t\t\tfont-size: 12px;\t\t\t\tfont-family: Ubuntu;\t\t\t\tfont-weight: bold;\t\t\t\tcolor: #666666;\t\t\t\tmargin-right: 10px;\t\t\t\tvertical-align: middle;      }      #bwg_container1_0 #bwg_container2_0 .paging-input_0 {\t\t\t\tfont-size: 12px;\t\t\t\tfont-family: Ubuntu;\t\t\t\tfont-weight: bold;\t\t\t\tcolor: #666666;\t\t\t\tvertical-align: middle;      }      #bwg_container1_0 #bwg_container2_0 .tablenav-pages_0 a.disabled,      #bwg_container1_0 #bwg_container2_0 .tablenav-pages_0 a.disabled:hover,      #bwg_container1_0 #bwg_container2_0 .tablenav-pages_0 a.disabled:focus,\t\t\t#bwg_container1_0 #bwg_container2_0 .tablenav-pages_0 input.bwg_current_page {\t\t\t\tcursor: default;\t\t\t\tcolor: rgba(102, 102, 102, 0.5);      }      #bwg_container1_0 #bwg_container2_0 .tablenav-pages_0 a,      #bwg_container1_0 #bwg_container2_0 .tablenav-pages_0 input.bwg_current_page {\t\t\t\tcursor: pointer;\t\t\t\ttext-align: center;\t\t\t\tfont-size: 12px;\t\t\t\tfont-family: Ubuntu;\t\t\t\tfont-weight: bold;\t\t\t\tcolor: #666666;\t\t\t\ttext-decoration: none;\t\t\t\tpadding: 3px 6px;\t\t\t\tmargin: 0;\t\t\t\tborder-radius: 0;\t\t\t\tborder-style: solid;\t\t\t\tborder-width: 1px;\t\t\t\tborder-color: #E3E3E3;\t\t\t\t\t\t\t\tbackground-color: rgba(255, 255, 255, 1.00);\t\t\t\tbox-shadow: 0;\t\t\t\ttransition: all 0.3s ease 0s;-webkit-transition: all 0.3s ease 0s;      }      <\/style>      <span class=\"bwg_nav_cont_0\">              <div class=\"tablenav-pages_0\">                      <span class=\"pagination-links_0 pagination-links\" data-pages-count=\"2\">              <span class=\"pagination-links_col1\">              <a class=\"bwg-a first-page disabled\" title=\"Zur ersten Seite\" >\u00ab<\/a>              <a class=\"bwg-a prev-page disabled\" title=\"Zur vorherigen Seite\" >\u2039<\/a>              <\/span>\t\t\t\t\t\t\t<span class=\"pagination-links_col2\">\t\t\t\t\t\t\t\t\t<input type=\"number\" class=\"bwg_current_page\" name=\"bwg_current_page\" value=\"1\" data-url-info=\"page_number_0\" onkeypress=\"return bwg_change_page_0(event, this)\" min=\"1\" oninput=\"validity.valid||(value='')\" \/>\t\t\t\t\t\t\t\t\t\tvon\t\t\t\t\t\t\t\t\t\t<span class=\"total-pages_0\">\t\t\t\t\t\t\t\t\t\t\t2\t\t\t\t\t\t\t\t\t\t<\/span>\t\t\t\t\t\t\t<\/span>              <span class=\"pagination-links_col3\">                <a class=\"bwg-a next-page-0\" title=\"Zur n\u00e4chsten Seite\" href=\"\/index.php\/wp-json\/wp\/v2\/posts\/22751?page_number_0=2\">\u203a<\/a>                <a class=\"bwg-a last-page-0\" title=\"Zur letzten Seite\" href=\"\/index.php\/wp-json\/wp\/v2\/posts\/22751?page_number_0=2\">\u00bb<\/a>              <\/span>\t\t\t\t\t\t<\/span>\t\t\t\t\t\t        <\/div>                <input type=\"hidden\" id=\"page_number_0\" name=\"page_number_0\" value=\"1\" \/>      <script type=\"text\/javascript\">        if( jQuery('.bwg_nav_cont_0').length > 1 ) {          jQuery('.bwg_nav_cont_0').first().remove()        }        function spider_page_0(cur, x, y, load_more) {          if (typeof load_more == \"undefined\") {            var load_more = false;          }          if (jQuery(cur).hasClass('disabled')) {            return false;          }          var items_county_0 = 2;          switch (y) {            case 1:              if (x >= items_county_0) {                document.getElementById('page_number_0').value = items_county_0;              }              else {                document.getElementById('page_number_0').value = x + 1;              }              break;            case 2:              document.getElementById('page_number_0').value = items_county_0;              break;            case -1:              if (x == 1) {                document.getElementById('page_number_0').value = 1;              }              else {                document.getElementById('page_number_0').value = x - 1;              }              break;            case -2:              document.getElementById('page_number_0').value = 1;              break;\t\t\t\t\t\tcase 0:              document.getElementById('page_number_0').value = x;              break;            default:              document.getElementById('page_number_0').value = 1;          }          bwg_ajax('gal_front_form_0', '0', 'bwg_thumbnails_0', '0', '', 'gallery', 0, '', '', load_more, '', 1);        }                    jQuery('.first-page disabled').on('click', function () {              spider_page_0(this, 1, -2, 'numeric');              return false;            });            jQuery('.prev-page disabled').on('click', function () {              spider_page_0(this, 1, -1, 'numeric');              return false;            });            jQuery('.next-page-0').on('click', function () {              spider_page_0(this, 1, 1, 'numeric');              return false;            });            jQuery('.last-page-0').on('click', function () {              spider_page_0(this, 1, 2, 'numeric');              return false;            });        \t\t\t\t\/* Change page on input enter. *\/        function bwg_change_page_0( e, that ) {          if (  e.key == 'Enter' ) {            var to_page = parseInt(jQuery(that).val());            var pages_count = jQuery(that).parents(\".pagination-links\").data(\"pages-count\");            var current_url_param = jQuery(that).attr('data-url-info');            if (to_page > pages_count) {              to_page = 1;            }\t \t\t\t\t\t\t\t\t\t\t\t\tspider_page_0(this, to_page, 0, 'numeric');\t\t\t\t\t\t\treturn false;\t\t\t\t\t\t          }          return true;        }        jQuery('.bwg_load_btn_0').on('click', function () {            spider_page_0(this, 1, 1, true);            return false;        });      <\/script>      <\/span>                <\/div>        <\/form>        <style>          #bwg_container1_0 #bwg_container2_0 #spider_popup_overlay_0 {          background-color: #EEEEEE;          opacity: 0.60;          }          <\/style>        <div id=\"bwg_spider_popup_loading_0\" class=\"bwg_spider_popup_loading\"><\/div>        <div id=\"spider_popup_overlay_0\" class=\"spider_popup_overlay\" onclick=\"spider_destroypopup(1000)\"><\/div>        <input type=\"hidden\" id=\"bwg_random_seed_0\" value=\"300261285\">                <\/div>    <\/div>    <script>      if (document.readyState === 'complete') {        if( typeof bwg_main_ready == 'function' ) {          if ( jQuery(\"#bwg_container1_0\").height() ) {            bwg_main_ready(jQuery(\"#bwg_container1_0\"));          }        }      } else {        document.addEventListener('DOMContentLoaded', function() {          if( typeof bwg_main_ready == 'function' ) {            if ( jQuery(\"#bwg_container1_0\").height() ) {             bwg_main_ready(jQuery(\"#bwg_container1_0\"));            }          }        });      }    <\/script>    \n<p><strong>\u00a0<\/strong><strong>Gute Vorarbeit geleistet<\/strong><\/p>\n<p>Gepr\u00e4gt war die 25 Punkte umfassende Tagesordnung der konstituierenden Sitzung im \u00f6ffentlichen Teil durch einen wahren Wahl- und Abstimmungsmarathon, f\u00fcr den die Kreistagsfraktionen im Vorfeld bereits durch gemeinsame Listen gute Vorarbeit geleistet hatten.\u00a0 Der neue Kreistag z\u00e4hlt mit 86 Mitgliedern so viele Abgeordnete wie nie zuvor. Die Sitzverteilung: CDU 32 Sitze, SPD 16 Sitze, AfD 15 Sitze, B\u00fcndnis 90\/Die Gr\u00fcnen 7 Sitze, Die Linke 5 Sitze, UWG MK 5 Sitze, FDP 4 Sitze und das BSW (B\u00fcndnis Sarah Wagenknecht) 1 Sitz. Dazu ein fraktionsloser Kreistagsabgeordneter.<\/p>\n<p><strong>Fachaussch\u00fcsse gr\u00f6\u00dfer<\/strong><\/p>\n<p>Auf Antrag von CDU und SPD wurde die Zahl der stimmberechtigten Ausschussmitglieder aus der Politik in den Fachaussch\u00fcssen von bisher 17 auf 18 erh\u00f6ht. K\u00fcnftig entfallen in den Fachaussch\u00fcssen auf die CDU sieben Sitze, auf die SPD drei, auf die AfD drei, auf B\u00fcndnis 90 \/ Die Gr\u00fcnen zwei Sitze sowie je ein Sitz auf UWG, FDP und die Linke. Im Kreisausschuss werden es 16 Mitglieder sein (CDU: 6, SPD: 3, AfD: 3 sowie je ein Sitz an B\u00fcndnis 90 \/ Die Gr\u00fcnen, UWG, FDP und die Linke). Im Jugendhilfeausschuss sind insgesamt neun Sitze vorgesehen (CDU: 3, SPD: 2, AfD: 2 und je ein Sitz an B\u00fcndnis 90 \/ Die Gr\u00fcnen und die UWG).<\/p>\n<p><strong>Kreistag und Aussch\u00fcsse:<\/strong><\/p>\n<p>Kreistag, Landrat Ralf Schwarzkopf (CDU), L\u00fcdenscheid<\/p>\n<p>Kreisausschuss, Landrat Ralf Schwarzkopf (CDU), L\u00fcdenscheid<\/p>\n<p>Kulturausschuss, Philipp R\u00f6ster (CDU), Hemer<\/p>\n<p>Ausschuss Gesundheit und Soziales, Oliver Busch (SPD), Kierspe<\/p>\n<p>Ausschuss Struktur- und Wirtschaftsf\u00f6rderung Petra Gossen (SPD), Plettenberg<\/p>\n<p>Ausschuss f\u00fcr Schul- und Sport Stefan Herburg (CDU), Nachrodt-Wiblingwerde<\/p>\n<p>Digitales und E-Government Markus Pempe (CDU), Kierspe<\/p>\n<p>Rechnungspr\u00fcfungsausschuss Udo Kritschker (CDU), Meinerzhagen<\/p>\n<p>Bau- und Stra\u00dfenausschuss Horst Karpinsky (AfD), L\u00fcdenscheid<\/p>\n<p>Ausschuss Umweltschuss und Planung Dennis Potschin (B\u00fcndnis90\/Die Gr\u00fcnen), Iserlohn<\/p>\n","protected":false},"excerpt":{"rendered":"<p>Wahlmarathon im neuen Super-Kreistag Von Hendrik Klein Ralf Schwarzkopf aus  [&#8230;]<\/p>\n","protected":false},"author":3,"featured_media":22752,"comment_status":"closed","ping_status":"closed","sticky":false,"template":"","format":"standard","meta":{"two_page_speed":[],"footnotes":""},"categories":[11],"tags":[],"class_list":["post-22751","post","type-post","status-publish","format-standard","has-post-thumbnail","hentry","category-maerkischer-kreis"],"_links":{"self":[{"href":"https:\/\/www.mk-journal.de\/index.php\/wp-json\/wp\/v2\/posts\/22751","targetHints":{"allow":["GET"]}}],"collection":[{"href":"https:\/\/www.mk-journal.de\/index.php\/wp-json\/wp\/v2\/posts"}],"about":[{"href":"https:\/\/www.mk-journal.de\/index.php\/wp-json\/wp\/v2\/types\/post"}],"author":[{"embeddable":true,"href":"https:\/\/www.mk-journal.de\/index.php\/wp-json\/wp\/v2\/users\/3"}],"replies":[{"embeddable":true,"href":"https:\/\/www.mk-journal.de\/index.php\/wp-json\/wp\/v2\/comments?post=22751"}],"version-history":[{"count":5,"href":"https:\/\/www.mk-journal.de\/index.php\/wp-json\/wp\/v2\/posts\/22751\/revisions"}],"predecessor-version":[{"id":22766,"href":"https:\/\/www.mk-journal.de\/index.php\/wp-json\/wp\/v2\/posts\/22751\/revisions\/22766"}],"wp:featuredmedia":[{"embeddable":true,"href":"https:\/\/www.mk-journal.de\/index.php\/wp-json\/wp\/v2\/media\/22752"}],"wp:attachment":[{"href":"https:\/\/www.mk-journal.de\/index.php\/wp-json\/wp\/v2\/media?parent=22751"}],"wp:term":[{"taxonomy":"category","embeddable":true,"href":"https:\/\/www.mk-journal.de\/index.php\/wp-json\/wp\/v2\/categories?post=22751"},{"taxonomy":"post_tag","embeddable":true,"href":"https:\/\/www.mk-journal.de\/index.php\/wp-json\/wp\/v2\/tags?post=22751"}],"curies":[{"name":"wp","href":"https:\/\/api.w.org\/{rel}","templated":true}]}}