{"id":22754,"date":"2025-11-14T11:57:53","date_gmt":"2025-11-14T09:57:53","guid":{"rendered":"https:\/\/www.mk-journal.de\/?p=22754"},"modified":"2025-11-14T12:24:31","modified_gmt":"2025-11-14T10:24:31","slug":"kreis-ist-mehr-als-nur-wirtschaft","status":"publish","type":"post","link":"https:\/\/www.mk-journal.de\/index.php\/2025\/11\/14\/kreis-ist-mehr-als-nur-wirtschaft\/","title":{"rendered":"Kreis ist mehr als nur Wirtschaft"},"content":{"rendered":"<p>Es war ein historischer Tag. Bei seiner Konstituierung formierte sich der mit 86 Mitgliedern zahlenm\u00e4\u00dfig gr\u00f6\u00dfte Kreistag in der Geschichte des M\u00e4rkischen Kreises. Mit Ralf Schwarzkopf wurde ein neuer Landrat vereidigt, der bei der Kommunalwahl am 14. September im ersten Wahlgang gew\u00e4hlt worden war \u2013 \u00fcbrigens der erste direkt gew\u00e4hlte Landrat nach Aloys Steppuhn aus Hemer, der nicht aus Balve kommt. Mit Stefan Ohrmann aus Werdohl und Wolfgang Rothstein aus Plettenberg hat der Kreis jetzt auch zwei neue Vize-Landr\u00e4te. Der Nordkreis ist damit personell g\u00e4nzlich au\u00dfen vor.<\/p>\n<p><strong>Gute Vorarbeit<\/strong><\/p>\n<p>Was k\u00f6nnen die Menschen im Kreis vom neuen Gremium und dem neuen Mann an der Spitze erwarten. Soviel vorweg: Die gute Vorarbeit der Fraktionen im Vorfeld der konstituierenden Sitzung, die sich in gemeinsamen Wahllisten dokumentierte, gibt nicht nur Hoffnung, sie ist beispielgebend f\u00fcr andere. Das war im Kreistag, anders als in manchen R\u00e4ten der kreisangeh\u00f6rigen St\u00e4dte und Gemeinden, in der Geschichte meistens so. Lediglich in der vergangenen Wahlperiode knirschte es zwischen Politik und Verwaltungsspitze. Das wurde mit bekannten Entscheidungen korrigiert.<\/p>\n<p><strong>Wenig Handlungsspielraum<\/strong><\/p>\n<p>Was d\u00fcrfen die M\u00e4rker vom neuen Landrat und dem neuen Kreistag erwarten? Viel Handlungsspielraum haben Ralf Schwarzkopf sowie die Kreispolitikerinnen und Kreispolitiker aufgrund des aktuellen 42-Millionen-Euro-Defizits in der Kreiskasse und der aufgebrauchten Reserven nicht. Die Ank\u00fcndigung des neuen Landrates in seiner Antrittsrede, die Kreisumlage m\u00fcsse erh\u00f6ht werden, d\u00fcrfte bei den 15 kreisangeh\u00f6rigen St\u00e4dten und Gemeinden nicht gut angekommen sein \u2013 und das d\u00fcrfte auch der erste massive Gegenwind sein, der ihm und dem Kreistag ins Gesicht weht.<\/p>\n<p><strong>An den Taten messen<\/strong><\/p>\n<p>Auffallend in Schwarzkopfs Rede war seine Fokussierung auf Wirtschaftsthemen. Das konnte man bei dem erfolgreichen Unternehmer aus L\u00fcdenscheid durchaus erwarten, und das Thema ist ja auch wichtig. Er sollte seinen Blick aber nicht nur ausschlie\u00dflich darauf richten. Ralf Schwarzkopf k\u00f6nnte die Firmenlenker vielleicht und bei Bedarf auch \u00f6fter mal an ihre Verantwortung f\u00fcr die Menschen im M\u00e4rkischen Kreis erinnern. Denn f\u00fcr die lohnt sich jeder Einsatz. Der neue Landrat hat jetzt erst einmal einen Vertrauensvorschuss verdient. An seinen Taten wird man ihn sp\u00e4ter messen k\u00f6nnen.<\/p>\n<p><strong>Hendrik Klein<\/strong><\/p>\n","protected":false},"excerpt":{"rendered":"<p>Es war ein historischer Tag. Bei seiner Konstituierung formierte sich  [&#8230;]<\/p>\n","protected":false},"author":3,"featured_media":22755,"comment_status":"closed","ping_status":"closed","sticky":false,"template":"","format":"standard","meta":{"two_page_speed":[],"footnotes":""},"categories":[8],"tags":[],"class_list":["post-22754","post","type-post","status-publish","format-standard","has-post-thumbnail","hentry","category-spitze-feder"],"_links":{"self":[{"href":"https:\/\/www.mk-journal.de\/index.php\/wp-json\/wp\/v2\/posts\/22754","targetHints":{"allow":["GET"]}}],"collection":[{"href":"https:\/\/www.mk-journal.de\/index.php\/wp-json\/wp\/v2\/posts"}],"about":[{"href":"https:\/\/www.mk-journal.de\/index.php\/wp-json\/wp\/v2\/types\/post"}],"author":[{"embeddable":true,"href":"https:\/\/www.mk-journal.de\/index.php\/wp-json\/wp\/v2\/users\/3"}],"replies":[{"embeddable":true,"href":"https:\/\/www.mk-journal.de\/index.php\/wp-json\/wp\/v2\/comments?post=22754"}],"version-history":[{"count":3,"href":"https:\/\/www.mk-journal.de\/index.php\/wp-json\/wp\/v2\/posts\/22754\/revisions"}],"predecessor-version":[{"id":22760,"href":"https:\/\/www.mk-journal.de\/index.php\/wp-json\/wp\/v2\/posts\/22754\/revisions\/22760"}],"wp:featuredmedia":[{"embeddable":true,"href":"https:\/\/www.mk-journal.de\/index.php\/wp-json\/wp\/v2\/media\/22755"}],"wp:attachment":[{"href":"https:\/\/www.mk-journal.de\/index.php\/wp-json\/wp\/v2\/media?parent=22754"}],"wp:term":[{"taxonomy":"category","embeddable":true,"href":"https:\/\/www.mk-journal.de\/index.php\/wp-json\/wp\/v2\/categories?post=22754"},{"taxonomy":"post_tag","embeddable":true,"href":"https:\/\/www.mk-journal.de\/index.php\/wp-json\/wp\/v2\/tags?post=22754"}],"curies":[{"name":"wp","href":"https:\/\/api.w.org\/{rel}","templated":true}]}}