{"id":22786,"date":"2025-11-16T11:21:56","date_gmt":"2025-11-16T09:21:56","guid":{"rendered":"https:\/\/www.mk-journal.de\/?p=22786"},"modified":"2025-11-16T11:21:56","modified_gmt":"2025-11-16T09:21:56","slug":"kreissporthalle-menden-oeffnet-im-februar","status":"publish","type":"post","link":"https:\/\/www.mk-journal.de\/index.php\/2025\/11\/16\/kreissporthalle-menden-oeffnet-im-februar\/","title":{"rendered":"Kreissporthalle Menden \u00f6ffnet im Februar"},"content":{"rendered":"<p>(pmk). Die Sanierung der Kreissporthalle am H\u00f6nne-Berufskolleg des M\u00e4rkischen Kreises in Menden geht auf die Zielgerade zu. Der Kreis teilt mit, dass sich der Termin f\u00fcr die Wiederer\u00f6ffnung um einen Monat auf Februar verschieben wird. Grund sind Lieferverz\u00f6gerungen bei sicherheitsrelevanten Brandschutzt\u00fcren. Seit der notwendigen Sperrung am 1. September 2024 konnten die zentralen Abbruch- und Abdichtungsarbeiten sowohl in der Sporthalle als auch in den Nebenr\u00e4umen abgeschlossen werden. Die Grundleitungen, Montagew\u00e4nde und Estriche sind erneuert. Aktuell folgen noch Putz- und Fliesenarbeiten sowie die Abdichtung der Dehnungsfugen.<\/p>\n<p><strong>Lieferprobleme bei Brandschutzt\u00fcren<\/strong><\/p>\n<p>Entgegen der urspr\u00fcnglichen Ank\u00fcndigung, die Halle Anfang des Jahres wieder f\u00fcr den Schul- und Vereinssport er\u00f6ffnen zu k\u00f6nnen, verschiebt sich der Termin nun um einen Monat. Grund daf\u00fcr sind Lieferverz\u00f6gerungen, unter anderem bei sicherheitsrelevanten Brandschutzt\u00fcren, deren Einbau zwingende Voraussetzung f\u00fcr die endg\u00fcltige Abnahme ist.<\/p>\n<p><strong>Verz\u00f6gerung Schule und Verein mitgeteilt<\/strong><\/p>\n<p>Der M\u00e4rkische Kreis hat die neue Terminierung umgehend der Schulleitung des H\u00f6nne-Berufskollegs sowie dem Handballverein SG Menden-Sauerland (\u201eW\u00f6lfe\u201c) mitgeteilt. Sowohl Schule als auch Sportverein akzeptieren die Verschiebung und loben die Fortschritte der Bauma\u00dfnahme trotz externer Widrigkeiten. Die Sporthalle des H\u00f6nne-Berufskollegs wird demnach im Februar wieder f\u00fcr den Schul- und Vereinssport zur Verf\u00fcgung stehen.<\/p>\n<p><strong>Weitere Bauma\u00dfnahmen<\/strong><\/p>\n<p>Bis zum Jahresende stehen weiterhin die Ausbaugewerke im Fokus: In den Nebenr\u00e4umen folgen Putz-, Fliesen-, Bodenbelags-, Sanit\u00e4r- und Malerarbeiten, die voraussichtlich bis Ende November abgeschlossen sein werden. Parallel dazu beginnt der Einbau des neuen Sportbodens samt Prallschutz und die Sanierung der Trib\u00fcne. Diese Arbeiten werden voraussichtlich vor Weihnachten abgeschlossen. Die Gesamtkosten der Bauma\u00dfnahme in H\u00f6he von rund 1,85 Millionen Euro k\u00f6nnen nach aktuellem Stand eingehalten werden.<\/p>\n<p><strong>Hintergrund<\/strong><\/p>\n<p>Die Kreissporthalle des H\u00f6nne-Berufskollegs in Menden war im September 2024 wegen massiver Feuchtigkeitssch\u00e4den gesperrt worden. Nach intensiver Analyse entschied sich der Kreistag f\u00fcr eine wirtschaftliche L\u00f6sung: eine Abdichtung der Halle von innen. Im Zuge der Sanierung werden neben der Halle auch die Umkleiden, Duschen und der Fitnessraum vollst\u00e4ndig erneuert.<\/p>\n<p><strong>Neubau h\u00e4tte 13 Millionen Euro gekostet<\/strong><\/p>\n<p>Die Alternative einer aufwendigeren Au\u00dfenabdichtung wurde aufgrund der erheblich h\u00f6heren Kosten in H\u00f6he von rund 2,9 Millionen Euro und eines l\u00e4ngeren Bauzeitraums im Kreistag verworfen. Ein kompletter Neubau der Halle war ebenfalls gepr\u00fcft worden, wurde jedoch wegen gesch\u00e4tzter Kosten in H\u00f6he von rund 13 Millionen Euro nicht weiterverfolgt.<\/p>\n","protected":false},"excerpt":{"rendered":"<p>(pmk). Die Sanierung der Kreissporthalle am H\u00f6nne-Berufskolleg des M\u00e4rkischen Kreises  [&#8230;]<\/p>\n","protected":false},"author":3,"featured_media":22787,"comment_status":"closed","ping_status":"closed","sticky":false,"template":"","format":"standard","meta":{"two_page_speed":[],"footnotes":""},"categories":[11],"tags":[],"class_list":["post-22786","post","type-post","status-publish","format-standard","has-post-thumbnail","hentry","category-maerkischer-kreis"],"_links":{"self":[{"href":"https:\/\/www.mk-journal.de\/index.php\/wp-json\/wp\/v2\/posts\/22786","targetHints":{"allow":["GET"]}}],"collection":[{"href":"https:\/\/www.mk-journal.de\/index.php\/wp-json\/wp\/v2\/posts"}],"about":[{"href":"https:\/\/www.mk-journal.de\/index.php\/wp-json\/wp\/v2\/types\/post"}],"author":[{"embeddable":true,"href":"https:\/\/www.mk-journal.de\/index.php\/wp-json\/wp\/v2\/users\/3"}],"replies":[{"embeddable":true,"href":"https:\/\/www.mk-journal.de\/index.php\/wp-json\/wp\/v2\/comments?post=22786"}],"version-history":[{"count":1,"href":"https:\/\/www.mk-journal.de\/index.php\/wp-json\/wp\/v2\/posts\/22786\/revisions"}],"predecessor-version":[{"id":22788,"href":"https:\/\/www.mk-journal.de\/index.php\/wp-json\/wp\/v2\/posts\/22786\/revisions\/22788"}],"wp:featuredmedia":[{"embeddable":true,"href":"https:\/\/www.mk-journal.de\/index.php\/wp-json\/wp\/v2\/media\/22787"}],"wp:attachment":[{"href":"https:\/\/www.mk-journal.de\/index.php\/wp-json\/wp\/v2\/media?parent=22786"}],"wp:term":[{"taxonomy":"category","embeddable":true,"href":"https:\/\/www.mk-journal.de\/index.php\/wp-json\/wp\/v2\/categories?post=22786"},{"taxonomy":"post_tag","embeddable":true,"href":"https:\/\/www.mk-journal.de\/index.php\/wp-json\/wp\/v2\/tags?post=22786"}],"curies":[{"name":"wp","href":"https:\/\/api.w.org\/{rel}","templated":true}]}}