{"id":22789,"date":"2025-11-16T11:32:05","date_gmt":"2025-11-16T09:32:05","guid":{"rendered":"https:\/\/www.mk-journal.de\/?p=22789"},"modified":"2025-11-16T11:32:05","modified_gmt":"2025-11-16T09:32:05","slug":"bahnuebergang-wird-fuer-fahrzeugverkehr-gesperrt","status":"publish","type":"post","link":"https:\/\/www.mk-journal.de\/index.php\/2025\/11\/16\/bahnuebergang-wird-fuer-fahrzeugverkehr-gesperrt\/","title":{"rendered":"Bahn\u00fcbergang wird f\u00fcr Fahrzeugverkehr gesperrt"},"content":{"rendered":"<p>(pmk) Wichtige Verkehrsnachricht f\u00fcr Balve-Garbeck: Der M\u00e4rkische Kreis teilt mit, dass die Langenholthauser Stra\u00dfe ab Montag, 17. November, im Bereich des Bahn\u00fcbergangs bei der Firma Rickmeier f\u00fcr Fahrzeuge dauerhaft gesperrt wird. Die Sperrung betrifft den Abschnitt rund um den Bahn\u00fcbergang. Die Verbindung wird dann nicht mehr befahrbar sein. Deshalb werden auf beiden Seiten des Bahn\u00fcbergangs Schutzplanken installiert. Damit ist kein Durchgangsverkehr auf der Langenholthauser Stra\u00dfe mehr m\u00f6glich. Fu\u00dfg\u00e4nger und Radfahrer k\u00f6nnen die Strecke dagegen weiterhin nutzen. Der Gehweg bleibt frei. Beim \u00dcberqueren des Bahn\u00fcbergangs ist aber die Schrankenanlage im Bereich des Gehwegs unbedingt zu beachten.<\/p>\n<p><strong>Neubau der Kreisstra\u00dfe 12<\/strong><\/p>\n<p>Von der Kreisstra\u00dfe 12 aus ist k\u00fcnftig nur noch die Zufahrt zu der Firma Rickmeier sowie zu den Geb\u00e4uden der Langenholthauser Stra\u00dfe 37, 39, 41 und 43 m\u00f6glich. Die H\u00e4user Langenholthauser Stra\u00dfe 1 bis 33 k\u00f6nnen ab Montag nur noch \u00fcber die M\u00e4rkische Stra\u00dfe mit Fahrzeugen erreicht werden. Die Sperrung ist erforderlich, um den Planfeststellungsbeschluss f\u00fcr den Neubau der Kreisstra\u00dfe 12 umzusetzen. Der M\u00e4rkische Kreis bittet alle Verkehrsteilnehmer um Verst\u00e4ndnis f\u00fcr die Ma\u00dfnahme und um Beachtung der ge\u00e4nderten Verkehrsf\u00fchrung.<\/p>\n","protected":false},"excerpt":{"rendered":"<p>(pmk) Wichtige Verkehrsnachricht f\u00fcr Balve-Garbeck: Der M\u00e4rkische Kreis teilt mit,  [&#8230;]<\/p>\n","protected":false},"author":3,"featured_media":22790,"comment_status":"closed","ping_status":"closed","sticky":false,"template":"","format":"standard","meta":{"two_page_speed":[],"footnotes":""},"categories":[11],"tags":[],"class_list":["post-22789","post","type-post","status-publish","format-standard","has-post-thumbnail","hentry","category-maerkischer-kreis"],"_links":{"self":[{"href":"https:\/\/www.mk-journal.de\/index.php\/wp-json\/wp\/v2\/posts\/22789","targetHints":{"allow":["GET"]}}],"collection":[{"href":"https:\/\/www.mk-journal.de\/index.php\/wp-json\/wp\/v2\/posts"}],"about":[{"href":"https:\/\/www.mk-journal.de\/index.php\/wp-json\/wp\/v2\/types\/post"}],"author":[{"embeddable":true,"href":"https:\/\/www.mk-journal.de\/index.php\/wp-json\/wp\/v2\/users\/3"}],"replies":[{"embeddable":true,"href":"https:\/\/www.mk-journal.de\/index.php\/wp-json\/wp\/v2\/comments?post=22789"}],"version-history":[{"count":1,"href":"https:\/\/www.mk-journal.de\/index.php\/wp-json\/wp\/v2\/posts\/22789\/revisions"}],"predecessor-version":[{"id":22791,"href":"https:\/\/www.mk-journal.de\/index.php\/wp-json\/wp\/v2\/posts\/22789\/revisions\/22791"}],"wp:featuredmedia":[{"embeddable":true,"href":"https:\/\/www.mk-journal.de\/index.php\/wp-json\/wp\/v2\/media\/22790"}],"wp:attachment":[{"href":"https:\/\/www.mk-journal.de\/index.php\/wp-json\/wp\/v2\/media?parent=22789"}],"wp:term":[{"taxonomy":"category","embeddable":true,"href":"https:\/\/www.mk-journal.de\/index.php\/wp-json\/wp\/v2\/categories?post=22789"},{"taxonomy":"post_tag","embeddable":true,"href":"https:\/\/www.mk-journal.de\/index.php\/wp-json\/wp\/v2\/tags?post=22789"}],"curies":[{"name":"wp","href":"https:\/\/api.w.org\/{rel}","templated":true}]}}