{"id":22817,"date":"2025-11-17T12:57:05","date_gmt":"2025-11-17T10:57:05","guid":{"rendered":"https:\/\/www.mk-journal.de\/?p=22817"},"modified":"2025-11-17T12:57:05","modified_gmt":"2025-11-17T10:57:05","slug":"vandalen-auf-fussballfeld","status":"publish","type":"post","link":"https:\/\/www.mk-journal.de\/index.php\/2025\/11\/17\/vandalen-auf-fussballfeld\/","title":{"rendered":"Vandalen auf Fu\u00dfballfeld"},"content":{"rendered":"<p>(ots). Unbekannte besch\u00e4digten Freitag, gegen 17.30 Uhr, das Netz eines Ballfangzauns des Klein-Fu\u00dfballfeldes an der Goethestra\u00dfe in Werdohl. Passanten hatten kurz zuvor einen Knall geh\u00f6rt, m\u00f6glicherweise durch B\u00f6ller. Die Zeugen konnten keinen T\u00e4ter mehr sehen, jedoch die Flammen austreten. Die Polizei ermittelt wegen gemeinsch\u00e4dlicher Sachbesch\u00e4digung und sucht Zeugen. Hinweise nimmt die Wache Werdohl entgegen.<\/p>\n<p><strong>Bei Streit Messer gez\u00fcckt<\/strong><\/p>\n<p>Samstagabend, 20.30 Uhr, kam es zu einer verbalen Auseinandersetzung zwischen einem Werdohler (65), der am Bahnhof auf seinen Bus wartete, und zwei unbekannten T\u00e4tern. W\u00e4hrend des Streits zogen die T\u00e4ter ein Messer. Bei dem Versuch sich zu wehren verletzte sich das Opfer hieran leicht. Die T\u00e4ter fl\u00fcchteten. Sie waren m\u00e4nnlich, beide etwa 18-20 Jahre alt, schlank und 180 cm gro\u00df. Ein T\u00e4ter hatte blonde, kurze Haare. Der zweite hatte schwarze, kurze Haare und trug eine Kappe. Die Polizei ermittelt wegen gef\u00e4hrlicher K\u00f6rperverletzung und sucht Zeugen.<\/p>\n","protected":false},"excerpt":{"rendered":"<p>(ots). Unbekannte besch\u00e4digten Freitag, gegen 17.30 Uhr, das Netz eines  [&#8230;]<\/p>\n","protected":false},"author":3,"featured_media":22818,"comment_status":"closed","ping_status":"closed","sticky":false,"template":"","format":"standard","meta":{"two_page_speed":[],"footnotes":""},"categories":[3],"tags":[],"class_list":["post-22817","post","type-post","status-publish","format-standard","has-post-thumbnail","hentry","category-polizeimeldungen"],"_links":{"self":[{"href":"https:\/\/www.mk-journal.de\/index.php\/wp-json\/wp\/v2\/posts\/22817","targetHints":{"allow":["GET"]}}],"collection":[{"href":"https:\/\/www.mk-journal.de\/index.php\/wp-json\/wp\/v2\/posts"}],"about":[{"href":"https:\/\/www.mk-journal.de\/index.php\/wp-json\/wp\/v2\/types\/post"}],"author":[{"embeddable":true,"href":"https:\/\/www.mk-journal.de\/index.php\/wp-json\/wp\/v2\/users\/3"}],"replies":[{"embeddable":true,"href":"https:\/\/www.mk-journal.de\/index.php\/wp-json\/wp\/v2\/comments?post=22817"}],"version-history":[{"count":1,"href":"https:\/\/www.mk-journal.de\/index.php\/wp-json\/wp\/v2\/posts\/22817\/revisions"}],"predecessor-version":[{"id":22819,"href":"https:\/\/www.mk-journal.de\/index.php\/wp-json\/wp\/v2\/posts\/22817\/revisions\/22819"}],"wp:featuredmedia":[{"embeddable":true,"href":"https:\/\/www.mk-journal.de\/index.php\/wp-json\/wp\/v2\/media\/22818"}],"wp:attachment":[{"href":"https:\/\/www.mk-journal.de\/index.php\/wp-json\/wp\/v2\/media?parent=22817"}],"wp:term":[{"taxonomy":"category","embeddable":true,"href":"https:\/\/www.mk-journal.de\/index.php\/wp-json\/wp\/v2\/categories?post=22817"},{"taxonomy":"post_tag","embeddable":true,"href":"https:\/\/www.mk-journal.de\/index.php\/wp-json\/wp\/v2\/tags?post=22817"}],"curies":[{"name":"wp","href":"https:\/\/api.w.org\/{rel}","templated":true}]}}