{"id":22843,"date":"2025-11-19T08:54:49","date_gmt":"2025-11-19T06:54:49","guid":{"rendered":"https:\/\/www.mk-journal.de\/?p=22843"},"modified":"2025-11-19T08:54:49","modified_gmt":"2025-11-19T06:54:49","slug":"ohne-wandel-keine-zukunft","status":"publish","type":"post","link":"https:\/\/www.mk-journal.de\/index.php\/2025\/11\/19\/ohne-wandel-keine-zukunft\/","title":{"rendered":"Ohne Wandel keine Zukunft"},"content":{"rendered":"<h4>Transformationsprozess im Kirchenkreis Iserlohn schreitet voran<\/h4>\n<p>(EB). Unruhige Zeiten seien es, weltpolitisch wie auch in der Kirche, sagte Pfarrer Uwe Krause aus den pfarramtlich verbundenen Kirchengemeinde Dahle und Evingsen zu Beginn seiner Andacht, mit der er die Tagung der Kreissynode des Evangelischen Kirchenkreises Iserlohn im Varnhagensaal er\u00f6ffnete. Damit lieferte er auch thematisch einen passenden Einstieg in die Herbstsynode, bei der es neben dem traditionellen Themenkomplex Finanzen haupts\u00e4chlich um die notwendigen Ver\u00e4nderungen im Kirchenkreis ging, die Superintendent Oliver G\u00fcnther unter dem Begriff \u201eTransformationsprozess KKIS2030\u201c zusammengefasst und angesto\u00dfen hat.<\/p>\n<p><strong>Laurent Kabuyaya zu Gast<\/strong><\/p>\n<p>Nach Feststellung der Beschlussf\u00e4higkeit gab es zun\u00e4chst ein Gru\u00dfwort von Laurent Kabuyaya, Agrar\u00f6konom und \u00d6kumenischer Mitarbeiter im S\u00fcd- S\u00fcdaustausch der VEM in Mbandaka, der in den Partnerkirchenkreisen im Kongo im Einsatz und aktuell im Kirchenkreis zu Gast ist. Er bedankte sich f\u00fcr die Unterst\u00fctzung und berichtete von der Arbeit, die auch dank dieser so viel positive Ver\u00e4nderung bringt.<\/p>\n<p><strong>Immer weniger Gemeindeglieder<\/strong><\/p>\n<p>Verwaltungsleiter Bernd G\u00f6bert er\u00f6ffnete den Themenblock Finanzen und Haushaltsplanung mit seinem Bericht zu den Kirchensteuern. Er schilderte die Entwicklungen, die sich durch die sinkende Zahl der Gemeindeglieder ergeben und die Ma\u00dfnahmen, mit denen diesen begegnet wird. Dazu geh\u00f6rt der Vorschlag, dass die Kirchensteuerzuweisungen an die Kirchenkreise um f\u00fcnf Millionen Euro erh\u00f6ht werden sollen. Die Landessynode soll pr\u00fcfen, ob dies m\u00f6glich ist, ohne die n\u00f6tigen Einzahlungen in die Versorgungskasse zu gef\u00e4hrden. Die Kreissynode beschloss bei einer Gegenstimme und wenigen Enthaltungen, diesen Antrag an die Landessynode zu stellen.<\/p>\n<p><strong>Transformationsprozess KKIS2030<\/strong><\/p>\n<p>Nach einem emotionalen Einblick in das zur\u00fcckliegende Konficamp, das in diesen schwierigen Zeiten ein hoffnungsvolles Zeichen f\u00fcr die Zukunft der kirchlichen Arbeit darstellt, gaben Superintendent Oliver G\u00fcnther und Dr. Bj\u00f6rn Corzilius einen Zwischenbericht zum Transformationsprozess. \u201eEs kann und wird nicht bleiben, wie es ist\u201c, stellte der Superintendent klar, \u201eam Wandel vorbei gibt es f\u00fcr uns als Kirche keinen Weg in die Zukunft\u201c. Sein Eindruck aus dem Kirchenkreis sei, dass alle schon auf dem Weg seien. \u201eWir m\u00fcssen aufbrechen\u201c, unterstrich Bj\u00f6rn Corzilius und warf zugleich die entscheidende Frage auf: \u201eAber wohin?\u201c<\/p>\n<p><strong>K\u00fcnftig gemeinsamer Haushalt<\/strong><\/p>\n<p>Als Antwort pr\u00e4sentierten G\u00fcnther und Corzilius die Vision, den Kirchenkreis als eine K\u00f6rperschaft wie eine Kirchengemeinde zu denken. Das k\u00f6nnte unter anderem bedeuten, das gesamte hauptamtliche Personal auf kreiskirchlicher Ebene anzusiedeln und zuk\u00fcnftig einen gemeinsamen Haushalt zu bilden. Dabei solle die Vielfalt des Kirchenkreises und die die lokale Handlungssouver\u00e4nit\u00e4t in wichtigen Fragen nicht bedroht werden, stellte Corzilius klar, es bedeute jedoch einen tats\u00e4chlichen Systemwechsel.<\/p>\n<p><strong>Steuerungsgruppe<\/strong><\/p>\n<p>Bisher ist es nur eine Idee, jedoch eine, die \u201euns gepackt, fasziniert, begeistert\u201c hat, so der Superintendent. Aus der Reihe der Synodalen gab es daf\u00fcr viel Lob und Zuspruch, allerdings auch eine kritische Stimme, die betonte, dass Kirche weiterhin vor Ort stattfinden m\u00fcsse. Das spreche ihm aus dem Herzen und sei gar kein Widerspruch, betonte Bj\u00f6rn Corzilius. Der konkrete Vorschlag an die Synode lautete, die Entscheidungen des Kreissynodalvorstandes zu begr\u00fc\u00dfen, Transformation umfassend und von ihrem Ergebnis her zu denken. Eine Steuerungsgruppe soll eine passende Transformationsarchitektur entwerfen. Die strategische Zielsetzung des Prozesses soll darin bestehen, im Kirchenkreis Iserlohn Zukunftszentren zu definieren, an denen \u201ein gemeinsamer Verantwortung zeitgem\u00e4\u00dfes und am Evangelium ausgerichtetes geistliches Leben\u201c gestalten werden kann. Die Presbyterien sollen bei dem Prozess mit einbezogen werden. Auf der Fr\u00fchjahrssynode 2026 soll es den n\u00e4chsten Zwischenbericht geben. Bei vier Enthaltungen und keiner Gegenstimme wurde dieser Beschluss angenommen.<\/p>\n<p>Assessor Thomas von Pavel und Kreiskantor Hanns-Peter Springer gaben einen Zwischenbericht aus der Arbeitsgemeinschaft Kirchenmusik und erhielten von der Synode den Auftrag, weiter darauf hinzuwirken, die kirchenmusikalische Arbeit zukunftssicher aufzustellen.<\/p>\n<p><strong>Wahlen<\/strong><\/p>\n<p>Jan Ehlhaus und Jannis Schuster aus wurden f\u00fcr die zuvor vakanten Positionen im Leitungsausschuss Jugend gew\u00e4hlt. Pfarrerin Mirjam Ellermann tritt die Nachfolge des in den Ruhestand gehenden Pfarrers Bernd Neuser in der Synodalbeauftragung christlich-islamischer Dialog an. Christina Hartmann \u00fcbernimmt die Elternzeitvertretung f\u00fcr Nina Wetzstein in der Rechnungspr\u00fcfungsstelle. Die n\u00e4chste Tagung der Kreissynode findet statt am Samstag, 30. Mai.<\/p>\n","protected":false},"excerpt":{"rendered":"<p>Transformationsprozess im Kirchenkreis Iserlohn schreitet voran (EB). Unruhige Zeiten seien  [&#8230;]<\/p>\n","protected":false},"author":3,"featured_media":22844,"comment_status":"closed","ping_status":"closed","sticky":false,"template":"","format":"standard","meta":{"two_page_speed":[],"footnotes":""},"categories":[7],"tags":[],"class_list":["post-22843","post","type-post","status-publish","format-standard","has-post-thumbnail","hentry","category-dies-und-das"],"_links":{"self":[{"href":"https:\/\/www.mk-journal.de\/index.php\/wp-json\/wp\/v2\/posts\/22843","targetHints":{"allow":["GET"]}}],"collection":[{"href":"https:\/\/www.mk-journal.de\/index.php\/wp-json\/wp\/v2\/posts"}],"about":[{"href":"https:\/\/www.mk-journal.de\/index.php\/wp-json\/wp\/v2\/types\/post"}],"author":[{"embeddable":true,"href":"https:\/\/www.mk-journal.de\/index.php\/wp-json\/wp\/v2\/users\/3"}],"replies":[{"embeddable":true,"href":"https:\/\/www.mk-journal.de\/index.php\/wp-json\/wp\/v2\/comments?post=22843"}],"version-history":[{"count":1,"href":"https:\/\/www.mk-journal.de\/index.php\/wp-json\/wp\/v2\/posts\/22843\/revisions"}],"predecessor-version":[{"id":22845,"href":"https:\/\/www.mk-journal.de\/index.php\/wp-json\/wp\/v2\/posts\/22843\/revisions\/22845"}],"wp:featuredmedia":[{"embeddable":true,"href":"https:\/\/www.mk-journal.de\/index.php\/wp-json\/wp\/v2\/media\/22844"}],"wp:attachment":[{"href":"https:\/\/www.mk-journal.de\/index.php\/wp-json\/wp\/v2\/media?parent=22843"}],"wp:term":[{"taxonomy":"category","embeddable":true,"href":"https:\/\/www.mk-journal.de\/index.php\/wp-json\/wp\/v2\/categories?post=22843"},{"taxonomy":"post_tag","embeddable":true,"href":"https:\/\/www.mk-journal.de\/index.php\/wp-json\/wp\/v2\/tags?post=22843"}],"curies":[{"name":"wp","href":"https:\/\/api.w.org\/{rel}","templated":true}]}}