{"id":22850,"date":"2025-11-19T09:23:06","date_gmt":"2025-11-19T07:23:06","guid":{"rendered":"https:\/\/www.mk-journal.de\/?p=22850"},"modified":"2025-11-19T09:23:06","modified_gmt":"2025-11-19T07:23:06","slug":"wald-stadt-weihnacht-laedt-zum-adventsbummel-ein","status":"publish","type":"post","link":"https:\/\/www.mk-journal.de\/index.php\/2025\/11\/19\/wald-stadt-weihnacht-laedt-zum-adventsbummel-ein\/","title":{"rendered":"\u201eWald Stadt Weihnacht\u201c l\u00e4dt zum Adventsbummel ein"},"content":{"rendered":"<p>(EB). Unter dem Namen \u201eWald Stadt Weihnacht\u201c erstrahlt die Iserlohner Innenstadt auch in diesem Jahr wieder in vorweihnachtlichem Glanz. Von Donnerstag, 20. November, bis Mittwoch, 24. Dezember, l\u00e4dt der Weihnachtsmarkt auf dem Alten Rathausplatz in heimeliger Atmosph\u00e4re zum Adventsbummel ein, zahlreiche Tannenb\u00e4ume, festliche Beleuchtung, die beliebten Foto-Points sowie liebevoll dekorierte H\u00fctten inklusive.<\/p>\n<p><strong>Offizielle Er\u00f6ffnung 18 Uhr<\/strong><\/p>\n<p>Am Donnerstag, 20. November, um 18 Uhr wird der Iserlohner Weihnachtsmarkt offiziell er\u00f6ffnet. B\u00fcrgermeister Michael Joithe wird von der B\u00fchne auf dem Alten Rathausplatz aus, alle Besucherinnen und Besucher der \u201eWald Stadt Weihnacht\u201c herzlich willkommen hei\u00dfen. Auch in diesem Jahr wird eine Geb\u00e4rdensprach-Dolmetscherin seine Worte f\u00fcr Menschen mit H\u00f6rbehinderung in Geb\u00e4rdensprache \u00fcbersetzen. F\u00fcr den musikalischen Rahmen sorgen in alter Tradition die Iserlohner Stadtmusikanten. Die St\u00e4nde sind am Er\u00f6ffnungstag bereits ab morgens um 11 Uhr ge\u00f6ffnet.<\/p>\n<p>Die \u00d6ffnungszeiten des Weihnachtsmarktes sind immer montags bis donnerstags von 11 bis 21 Uhr, freitags und samstags von 11 bis 22 Uhr und sonntags von 13 bis 21 Uhr. Am Totensonntag, 23. November, bleibt der Weihnachtsmarkt geschlossen. Sonder\u00f6ffnungszeiten gibt es am Dienstag, 23. Dezember. Hier bleibt der Weihnachtsmarkt bis 23 Uhr ge\u00f6ffnet. An Heiligabend ist der Markt vor dem Fest noch bis 16 Uhr ge\u00f6ffnet.<\/p>\n<p><strong>Das bietet die \u201eWald Stadt Weihnacht\u201c<\/strong><\/p>\n<p>Mit Gl\u00fchwein, weihnachtlichen S\u00fc\u00dfigkeiten, Spie\u00dfbratenbr\u00f6tchen und Backkartoffeln, leckeren Reibepl\u00e4tzchen, Champignons oder Cr\u00eapes bleiben keine kulinarischen W\u00fcnsche offen. Dazu gibt es in den Wechselh\u00fctten frische Waffeln. F\u00fcr die Kleinen dreht sich das Kinderkarussell (dienstags ist Familientag mit verg\u00fcnstigten Fahrpreisen). Wer noch Weihnachtsgeschenke sucht, findet an den St\u00e4nden in der Unnaer Stra\u00dfe Handarbeitswaren und die beliebten Erzgebirgsfiguren. Mit dabei sind auch zwei Wechselh\u00fctten, in denen Iserlohner Vereine, Schulen und andere Mitwirkende weihnachtliche Pr\u00e4sente, Waffeln und allerlei Selbstgemachtes anbieten.<\/p>\n<p><strong>&#8222;Lichterfest&#8220; und Eisstockschie\u00dfen<\/strong><\/p>\n<p>Am Sonntag, 30. November, findet das \u201eLichterfest\u201c der Werbegemeinschaft Iserlohn in Kombination mit einem verkaufsoffenen Sonntag statt. Neben der M\u00f6glichkeit zum Weihnachts-Shopping zwischen 13 und 18 Uhr warten viele Erlebnisse auf die Besucherinnen und Besucher. Zahlreiche Lichtpunkte und eine Diaprojektion tauchen die Stadt in eine ansprechende weihnachtliche Kulisse und lassen den Namen \u00a0\u201eLichterfest\u201c Programm werden. Dazu geh\u00f6rt auch ein Foto mit der XXL-Schneekugel, die bereits in den vergangenen Jahren sehr beliebt war. Sportbegeisterte k\u00f6nnen die Eisstockbahn am Marktplatz ausprobieren. Zur St\u00e4rkung gibt es Popcorn und wer sich weihnachtlich kleiden m\u00f6chte, der darf sich (solange der Vorrat reicht) \u00fcber einen Rentierhaarreifen freuen. Auf den B\u00fchnen am Schillerplatz und vor dem Alten Rathaus sorgt ein musikalisches Programm jeweils f\u00fcnf Stunden lang f\u00fcr beste Unterhaltung. Das \u201eLichterfest\u201c wird \u00fcber den \u201eVerf\u00fcgungsfonds\u201c im Rahmen des F\u00f6rderprojekts \u201eZukunftsf\u00e4hige Innenst\u00e4dte und Zentren\u201c (ZIZ) gef\u00f6rdert und soll zur Belebung der Innenstadt beitragen.<\/p>\n<p><strong>Wunsch-Briefkasten<\/strong><\/p>\n<p>Kinder, die noch einen Wunsch an das Christkind schicken m\u00f6chten, k\u00f6nnen die roten Wunsch-Briefk\u00e4sten, die in den teilnehmenden Gesch\u00e4ften aufgestellt sind, nutzen und erhalten garantiert vor Weihnachten noch eine Antwort. Auch das diesj\u00e4hrige Unterhaltungsprogramm der \u201eWald Stadt Weihnacht\u201c auf der B\u00fchne am Alten Rathausplatz verspricht wieder Vielfalt: Jeden Freitag-, Samstag- sowie an zwei Donnerstagabenden gibt es Live-Musik.<\/p>\n<p><strong>B\u00fchnenprogramm im Internet<\/strong><\/p>\n<p>Das w\u00f6chentliche B\u00fchnenprogramm ist im Internet unter <a href=\"https:\/\/www.iserlohn.de\/freizeit-tourismus\/projekte-veranstaltungen\/wald-stadt-weihnacht\">www.iserlohn.de<\/a> zu finden. Es ist ein ausgewogener Mix mit bekannten und neuen Akteuren, Bands, Solo-K\u00fcnstlern, Orchestern und DJs unterschiedlicher Genres (Singer-Songwriter-Melodien, Jazz- und Coversongs). Ein weiterer H\u00f6hepunkt: der Besuch des Nikolaus am 6. Dezember, der die kleinen Besucherinnen und Besucher von 15 bis 17 Uhr auf der B\u00fchne empfangen wird. Am 10. Dezember l\u00e4dt das Stadtmarketing dazu ein, die Weihnachtsb\u00e4ume auf dem Alten Rathausplatz gemeinsam zu schm\u00fccken. Mit eigens entwickelten Malvorlagen, die auf der Internetseite des \u201e<a href=\"https:\/\/www.iserlohn.de\/freizeit-tourismus\/projekte-veranstaltungen\/wald-stadt-weihnacht\">Waldstadtpanoramas<\/a>\u201c herunterzuladen sind und einer entsprechenden Anleitung, k\u00f6nnen Gro\u00df und Klein nach Lust und Laune kreativ werden. Im Anschluss findet ab 17 Uhr das beliebte \u201eRudelsingen\u201c statt. Ein atmosph\u00e4risches Spektakel, bei dem vor der B\u00fchne am Alten Rathausplatz gemeinsam Weihnachtslieder gesungen werden.<\/p>\n<p><strong>Open-Air-Gottesdienst<\/strong><\/p>\n<p>Am Heiligen Abend, 24. Dezember, findet um 11.30 Uhr ein \u00f6kumenischer Open-Air-Gottesdienst unter der Leitung von Superintendent Oliver G\u00fcnther und Pfarrer Dietmar Schulte statt. Die Impulsandacht unter freiem Himmel wird musikalisch begleitet von Jens Dreesmann, der zum Abschluss des Unterhaltungsprogramms und Finale des Weihnachtsmarktes ab 12 Uhr auftreten wird. Um 16 Uhr geht die diesj\u00e4hrige \u201eWald Stadt Weihnacht\u201c zu Ende.<\/p>\n<p>Ausf\u00fchrliche Informationen zum Weihnachtsmarkt finden sich im Internet unter <a href=\"https:\/\/www.iserlohn.de\/freizeit-tourismus\/projekte-veranstaltungen\/wald-stadt-weihnacht\">https:\/\/www.iserlohn.de\/freizeit-tourismus\/projekte-veranstaltungen\/wald-stadt-weihnacht<\/a>. Zudem gibt es einen Flyer zur \u201eWald Stadt Weihnacht\u201c und zu allen anderen Weihnachtsm\u00e4rkten in Iserlohn (29. November in Kalthof, 6.\/7. Dezember in Hennen, 6.\/7. sowie 13.\/14. Dezember in Barendorf, 12. bis 14. Dezember in Letmathe), der ab sofort an vielen \u00f6ffentlichen Stellen ausliegt.<\/p>\n","protected":false},"excerpt":{"rendered":"<p>(EB). Unter dem Namen \u201eWald Stadt Weihnacht\u201c erstrahlt die Iserlohner  [&#8230;]<\/p>\n","protected":false},"author":3,"featured_media":22851,"comment_status":"closed","ping_status":"closed","sticky":false,"template":"","format":"standard","meta":{"two_page_speed":[],"footnotes":""},"categories":[13],"tags":[],"class_list":["post-22850","post","type-post","status-publish","format-standard","has-post-thumbnail","hentry","category-was-und-wo"],"_links":{"self":[{"href":"https:\/\/www.mk-journal.de\/index.php\/wp-json\/wp\/v2\/posts\/22850","targetHints":{"allow":["GET"]}}],"collection":[{"href":"https:\/\/www.mk-journal.de\/index.php\/wp-json\/wp\/v2\/posts"}],"about":[{"href":"https:\/\/www.mk-journal.de\/index.php\/wp-json\/wp\/v2\/types\/post"}],"author":[{"embeddable":true,"href":"https:\/\/www.mk-journal.de\/index.php\/wp-json\/wp\/v2\/users\/3"}],"replies":[{"embeddable":true,"href":"https:\/\/www.mk-journal.de\/index.php\/wp-json\/wp\/v2\/comments?post=22850"}],"version-history":[{"count":1,"href":"https:\/\/www.mk-journal.de\/index.php\/wp-json\/wp\/v2\/posts\/22850\/revisions"}],"predecessor-version":[{"id":22852,"href":"https:\/\/www.mk-journal.de\/index.php\/wp-json\/wp\/v2\/posts\/22850\/revisions\/22852"}],"wp:featuredmedia":[{"embeddable":true,"href":"https:\/\/www.mk-journal.de\/index.php\/wp-json\/wp\/v2\/media\/22851"}],"wp:attachment":[{"href":"https:\/\/www.mk-journal.de\/index.php\/wp-json\/wp\/v2\/media?parent=22850"}],"wp:term":[{"taxonomy":"category","embeddable":true,"href":"https:\/\/www.mk-journal.de\/index.php\/wp-json\/wp\/v2\/categories?post=22850"},{"taxonomy":"post_tag","embeddable":true,"href":"https:\/\/www.mk-journal.de\/index.php\/wp-json\/wp\/v2\/tags?post=22850"}],"curies":[{"name":"wp","href":"https:\/\/api.w.org\/{rel}","templated":true}]}}