{"id":22882,"date":"2025-11-21T09:56:16","date_gmt":"2025-11-21T07:56:16","guid":{"rendered":"https:\/\/www.mk-journal.de\/?p=22882"},"modified":"2025-11-21T09:56:16","modified_gmt":"2025-11-21T07:56:16","slug":"kangaroos-wollen-in-wedel-punkten","status":"publish","type":"post","link":"https:\/\/www.mk-journal.de\/index.php\/2025\/11\/21\/kangaroos-wollen-in-wedel-punkten\/","title":{"rendered":"Kangaroos wollen in Wedel punkten"},"content":{"rendered":"<p>(EB). Die Iserlohn Kangaroos reisen am Sonntag (23. November, 17:00 Uhr) zum SC Rist Wedel und stehen dort vor einer anspruchsvollen Ausw\u00e4rtsh\u00fcrde in der BARMER 2. Basketball Bundesliga ProB Nord. Beide Teams befinden sich aktuell in unmittelbarer Tabellenn\u00e4he und wollen mit einem Sieg endlich die n\u00f6tige Stabilit\u00e4t finden, nachdem vielversprechende Auftritte zuletzt immer wieder von R\u00fcckschl\u00e4gen ausgebremst wurden.<\/p>\n<p><strong>Junges, talentiertes und unberechenbares Wedeler Team<\/strong><\/p>\n<p>Der SC Rist Wedel, Farmteam der Hamburg Towers aus der 1. Basketball-Bundesliga, setzt auch in dieser Saison stark auf Nachwuchsentwicklung. Das Team ist im Schnitt nicht einmal 20 Jahre alt. Der j\u00fcngste im Kader, Danny Egbe, durfte mit seinen gerade einmal 15 Jahren auch bereits ProB Luft schnuppern. Der breite Kader mit insgesamt 17 Spielern gibt Wedel viele Optionen und erschwert die Vorbereitung f\u00fcr die Kangaroos.<\/p>\n<p><strong>Kangaroos wollen wieder angreifen<\/strong><\/p>\n<p>Nach drei Siegen in Folge mussten die Kangaroos am vergangenen Sonntag eine Niederlage einstecken. Dazu kommt eine weiterhin angespannte Personalsituation, denn der Kader war in den vergangenen Wochen von Verletzungen gepr\u00e4gt. Wie die endg\u00fcltige Rotation f\u00fcr das Ausw\u00e4rtsspiel aussehen wird, entscheidet sich erst kurzfristig.<\/p>\n<p><strong>St\u00e4rken ausspielen<\/strong><\/p>\n<p><em>\u201e<\/em>Entscheidend ist, dass wir unsere St\u00e4rken ausspielen und schnell in unser Spiel finden.\u201d so Headcoach Toni Prostran. \u201eDie letzten Wochen haben gezeigt, dass wir auch mit Ausf\u00e4llen unser Potenzial abrufen k\u00f6nnen, und so werden wir das auch am Sonntag tun.\u201d Die Aufgabe in Wedel wird anspruchsvoll, doch zugleich bietet sie den Iserlohnern die Chance, an einem direkten Konkurrenten vorbeizuziehen und neuen Schwung f\u00fcr die kommenden Wochen zu sammeln. Gelingt es dem Waldstadt-Team, seinen Rhythmus zu finden und defensiv stabil zu bleiben, ist auch ausw\u00e4rts alles m\u00f6glich.<\/p>\n<p>&nbsp;<\/p>\n","protected":false},"excerpt":{"rendered":"<p>(EB). Die Iserlohn Kangaroos reisen am Sonntag (23. November, 17:00  [&#8230;]<\/p>\n","protected":false},"author":3,"featured_media":22894,"comment_status":"closed","ping_status":"closed","sticky":false,"template":"","format":"standard","meta":{"two_page_speed":[],"footnotes":""},"categories":[4],"tags":[],"class_list":["post-22882","post","type-post","status-publish","format-standard","has-post-thumbnail","hentry","category-sport"],"_links":{"self":[{"href":"https:\/\/www.mk-journal.de\/index.php\/wp-json\/wp\/v2\/posts\/22882","targetHints":{"allow":["GET"]}}],"collection":[{"href":"https:\/\/www.mk-journal.de\/index.php\/wp-json\/wp\/v2\/posts"}],"about":[{"href":"https:\/\/www.mk-journal.de\/index.php\/wp-json\/wp\/v2\/types\/post"}],"author":[{"embeddable":true,"href":"https:\/\/www.mk-journal.de\/index.php\/wp-json\/wp\/v2\/users\/3"}],"replies":[{"embeddable":true,"href":"https:\/\/www.mk-journal.de\/index.php\/wp-json\/wp\/v2\/comments?post=22882"}],"version-history":[{"count":2,"href":"https:\/\/www.mk-journal.de\/index.php\/wp-json\/wp\/v2\/posts\/22882\/revisions"}],"predecessor-version":[{"id":22896,"href":"https:\/\/www.mk-journal.de\/index.php\/wp-json\/wp\/v2\/posts\/22882\/revisions\/22896"}],"wp:featuredmedia":[{"embeddable":true,"href":"https:\/\/www.mk-journal.de\/index.php\/wp-json\/wp\/v2\/media\/22894"}],"wp:attachment":[{"href":"https:\/\/www.mk-journal.de\/index.php\/wp-json\/wp\/v2\/media?parent=22882"}],"wp:term":[{"taxonomy":"category","embeddable":true,"href":"https:\/\/www.mk-journal.de\/index.php\/wp-json\/wp\/v2\/categories?post=22882"},{"taxonomy":"post_tag","embeddable":true,"href":"https:\/\/www.mk-journal.de\/index.php\/wp-json\/wp\/v2\/tags?post=22882"}],"curies":[{"name":"wp","href":"https:\/\/api.w.org\/{rel}","templated":true}]}}