{"id":22888,"date":"2025-11-21T09:43:05","date_gmt":"2025-11-21T07:43:05","guid":{"rendered":"https:\/\/www.mk-journal.de\/?p=22888"},"modified":"2025-11-21T09:43:05","modified_gmt":"2025-11-21T07:43:05","slug":"maler-innung-maerkischer-kreis-stellt-sich-neu-auf","status":"publish","type":"post","link":"https:\/\/www.mk-journal.de\/index.php\/2025\/11\/21\/maler-innung-maerkischer-kreis-stellt-sich-neu-auf\/","title":{"rendered":"Maler-Innung M\u00e4rkischer Kreis stellt sich neu auf"},"content":{"rendered":"<h4><strong>Michael Langenberg Ehrenobermeister \u2013 Jan Wieghardt tritt die Nachfolge an<\/strong><\/h4>\n<p>(EB). Neuer Schwung f\u00fcr das Malerhandwerk im M\u00e4rkischen Kreis: Die Maler-Innung hat sich bei ihrer j\u00fcngsten Versammlung personell und inhaltlich neu aufgestellt. Nach fast genau 23 Jahren engagierter Arbeit als Obermeister verabschiedete sich Michael Langenberg aus seinem Amt. Zuvor war er bereits rund 16 Jahre in verschiedenen Funktionen, damals noch f\u00fcr die derzeitige Maler- und Lackierer-Innung L\u00fcdenscheid-Volme, ehrenamtlich t\u00e4tig gewesen. In Anerkennung seiner gro\u00dfen Verdienste um das Malerhandwerk und die Innung wurde er zum Ehrenobermeister ernannt.<\/p>\n<p><strong>Jan Wieghard neuer Obermeister<\/strong><\/p>\n<p>An die Spitze der Innung r\u00fcckt Jan Wieghardt (Gesch\u00e4ftsf\u00fchrer der Malerbetrieb Wieghardt und Sohn GmbH, L\u00fcdenscheid), der gemeinsam mit einem engagierten Vorstand frische Impulse setzen und die Zukunft des Malerhandwerks aktiv gestalten will. Jonas Renfordt (Renfordt Malerfachbetrieb GmbH, Iserlohn) wurde zum stellvertretenden Obermeister gew\u00e4hlt.<\/p>\n<p><strong>Ziele ausgegeben<\/strong><\/p>\n<p>Der neue Obermeister dankte seinem Vorg\u00e4nger f\u00fcr dessen Einsatz und richtete den Blick nach vorn: \u201eMichael Langenberg hat die Innung viele Jahre gepr\u00e4gt und auf ein starkes Fundament gestellt. Ich freue mich darauf, gemeinsam mit dem Vorstand und unseren Mitgliedern an diese Arbeit anzukn\u00fcpfen, neue Impulse zu setzen und die Innung fit f\u00fcr die Zukunft zu machen.\u201c In seinen ersten Worten an die Innungskollegen formulierte Wieghardt seine Zielsetzungen f\u00fcr die kommenden Jahre \u2013 darunter eine noch engere Zusammenarbeit der Mitgliedsbetriebe, die St\u00e4rkung der Ausbildung und die F\u00f6rderung des Nachwuchses im Malerhandwerk.<\/p>\n<p><strong>Till Kemper Lehrlingswart<\/strong><\/p>\n<p>Auch im Bereich des Ausbildungswesens gab es personelle Ver\u00e4nderungen: Neuer Lehrlingswart ist Till Kemper, sein Stellvertreter Eduard Pfanenstil. Der bisherige langj\u00e4hrige Lehrlingswart Rolf Schnibbe wurde im Rahmen der Versammlung herzlich verabschiedet und f\u00fcr seinen gro\u00dfen Einsatz f\u00fcr den Berufsnachwuchs gew\u00fcrdigt. Sein bisheriger Stellvertreter, Andreas Noffke, steht den jungen Kollegen auch zuk\u00fcnftig als Vorstandsmitglied mit seinem gro\u00dfen Erfahrungsschatz zur Verf\u00fcgung.<\/p>\n<p><strong>Hening Frank im Vorstand<\/strong><\/p>\n<p>Der neue Vorstand setzt sich somit aus bew\u00e4hrten und neuen Kr\u00e4ften zusammen: Neben den genannten geh\u00f6ren weiterhin Bernhard Faust und Ralf Windfuhr dem Vorstand an. Neu hinzugekommen ist dar\u00fcber hinaus Henning Frank (HF Konzept I Farb- und Raumgestaltung, Halver).<\/p>\n<p>&nbsp;<\/p>\n","protected":false},"excerpt":{"rendered":"<p>Michael Langenberg Ehrenobermeister \u2013 Jan Wieghardt tritt die Nachfolge an  [&#8230;]<\/p>\n","protected":false},"author":3,"featured_media":22889,"comment_status":"closed","ping_status":"closed","sticky":false,"template":"","format":"standard","meta":{"two_page_speed":[],"footnotes":""},"categories":[18],"tags":[],"class_list":["post-22888","post","type-post","status-publish","format-standard","has-post-thumbnail","hentry","category-witschaft"],"_links":{"self":[{"href":"https:\/\/www.mk-journal.de\/index.php\/wp-json\/wp\/v2\/posts\/22888","targetHints":{"allow":["GET"]}}],"collection":[{"href":"https:\/\/www.mk-journal.de\/index.php\/wp-json\/wp\/v2\/posts"}],"about":[{"href":"https:\/\/www.mk-journal.de\/index.php\/wp-json\/wp\/v2\/types\/post"}],"author":[{"embeddable":true,"href":"https:\/\/www.mk-journal.de\/index.php\/wp-json\/wp\/v2\/users\/3"}],"replies":[{"embeddable":true,"href":"https:\/\/www.mk-journal.de\/index.php\/wp-json\/wp\/v2\/comments?post=22888"}],"version-history":[{"count":2,"href":"https:\/\/www.mk-journal.de\/index.php\/wp-json\/wp\/v2\/posts\/22888\/revisions"}],"predecessor-version":[{"id":22891,"href":"https:\/\/www.mk-journal.de\/index.php\/wp-json\/wp\/v2\/posts\/22888\/revisions\/22891"}],"wp:featuredmedia":[{"embeddable":true,"href":"https:\/\/www.mk-journal.de\/index.php\/wp-json\/wp\/v2\/media\/22889"}],"wp:attachment":[{"href":"https:\/\/www.mk-journal.de\/index.php\/wp-json\/wp\/v2\/media?parent=22888"}],"wp:term":[{"taxonomy":"category","embeddable":true,"href":"https:\/\/www.mk-journal.de\/index.php\/wp-json\/wp\/v2\/categories?post=22888"},{"taxonomy":"post_tag","embeddable":true,"href":"https:\/\/www.mk-journal.de\/index.php\/wp-json\/wp\/v2\/tags?post=22888"}],"curies":[{"name":"wp","href":"https:\/\/api.w.org\/{rel}","templated":true}]}}