{"id":22926,"date":"2025-11-23T10:22:21","date_gmt":"2025-11-23T08:22:21","guid":{"rendered":"https:\/\/www.mk-journal.de\/?p=22926"},"modified":"2025-11-23T10:22:21","modified_gmt":"2025-11-23T08:22:21","slug":"winter-spektakulum-auf-burg-altena-2","status":"publish","type":"post","link":"https:\/\/www.mk-journal.de\/index.php\/2025\/11\/23\/winter-spektakulum-auf-burg-altena-2\/","title":{"rendered":"Winter-Spektakulum auf Burg Altena"},"content":{"rendered":"<p><strong>(<\/strong>pmk). Zum ersten Adventswochenende \u00f6ffnet die Burg Altena ihre Tore f\u00fcr ein ganz besonderes Event: das Winter-Spektakulum. Die H\u00f6henburg verwandelt sich in ein leuchtendes Gesamtkunstwerk voller Musik, Lichterglanz und viktorianischem Flair. Die Gesch\u00e4fte in der Innenstadt locken mit H\u00fcttenzauber, l\u00e4ngeren \u00d6ffnungszeiten und einem verkaufsoffenen Sonntag. Besucherinnen und Besucher k\u00f6nnen Feuershows, WalkActs, Musik, Zauberer und M\u00e4rchenerz\u00e4hlerin erleben, durch stimmungsvoll beleuchtete Burgh\u00f6fe schlendern und Kunsthandwerk sowie kulinarische Spezialit\u00e4ten entdecken. Auch f\u00fcr Kinder gibt es viel zu erleben. Ein zauberhafter Start in die Adventszeit!<\/p>\n<p><strong>Freibier zur Er\u00f6ffnung<\/strong><\/p>\n<p>Die Veranstaltung findet am Freitag, 28. November, von 17 bis 22 Uhr, am Samstag, 29. November, von 11 bis 22 Uhr und am Sonntag, 30. November, von 11 bis 18 Uhr statt. Landrat Ralf Schwarzkopf und B\u00fcrgermeister Guido Thal er\u00f6ffnen das Winter-Spektakulum am Freitag um 18 Uhr mit einem Fass Freibier, gestiftet von der M\u00e4rkischen Kulturstiftung Burg Altena. Firmen, Vereine und Gruppen sind zum Mitfeiern herzlich eingeladen.<\/p>\n<p><strong>Mitmachaktionen in den Museen<\/strong><\/p>\n<p>Auf den beiden Burgh\u00f6fen werden in diesem Jahr auch wieder ein paar ausgesuchte St\u00e4nde mit Kunsthandwerk, Speisen und Getr\u00e4nken aufgebaut. Die k\u00fcnstlerische Inszenierung steht allerdings im Vordergrund. Auch die Museen der Burg Altena sind l\u00e4nger ge\u00f6ffnet und bieten F\u00fchrungen und Mitmachaktionen an. Moderiert wird das Winter-Spektakulum von Harry Rischar in der Rolle von Charles Dickens. Der professionelle Erz\u00e4hlk\u00fcnstler nimmt das Publikum mit in eine andere Zeit. Ganz nebenbei bringt er alle wichtigen Infos zu den Auftritten an den Mann oder die Frau.<\/p>\n<p><strong>Verkaufsoffener Sonntag<\/strong><\/p>\n<p>Auch die Altenaer Innenstadt ist weihnachtlich gestimmt und l\u00e4dt zu H\u00fcttenzauber, Bummeln und genie\u00dfen ein: Es gibt gem\u00fctliche H\u00fctten und St\u00e4nde mit Gl\u00fchwein und Punsch, kulinarische Spezialit\u00e4ten, vegane K\u00f6stlichkeiten, Wolle und Gestricktes sowie feinen Honig. Ausgiebig Zeit f\u00fcr entspannte Weihnachtseink\u00e4ufe haben Besucherinnen und Besucher bei l\u00e4ngeren \u00d6ffnungszeiten der Gesch\u00e4fte am Samstag und dem verkaufsoffenen Sonntag (13 bis 18 Uhr). Weitere Informationen zum Programm in der Innenstadt: <a href=\"https:\/\/t1p.de\/ks1ys\">https:\/\/t1p.de\/ks1ys<\/a><\/p>\n<p><strong>Die Programm-Highlights auf der Burg Altena: <\/strong><\/p>\n<p><strong>Harmony Glen<\/strong><\/p>\n<p>Die schottisch\/irische Band Harmony Glen \u00fcberzeugt seit 2005 die Besucherinnen und Besucher aller Festivit\u00e4ten mit kraftvollem Gesang, melodischem Dudelsack und einem Banjo gefolgt von Gitarrenkl\u00e4ngen. Sie selbst beschreiben sich als \u201ethe epitome of a Celtic party!\u201c, zu Deutsch: \u201eDer Inbegriff einer keltischen Party!\u201c<\/p>\n<p><strong>Carol Folk<\/strong><\/p>\n<p>Carol Folk ist da, um etwas Licht und W\u00e4rme in die dunkelsten Tage zu bringen. Wie in alten Zeiten singen sie englische Weihnachtslieder wie \u201eDeck the Halls\u201c, \u201eGod Rest ye Merry, Gentlemen\u201c und \u201eAngels from the Realms of Glory\u201c. Zusammen mit traditionellen Volksinstrumenten wie Geige, Fl\u00f6te und Bouzouki wird dies ein herzerw\u00e4rmendes, keltisches Weihnachtskonzert.<\/p>\n<p><strong>Stelzenl\u00e4ufer, WalkAct \u201eFlying Traveler\u201c:<\/strong><\/p>\n<p>Mit aufregenden Kost\u00fcmen, die sich in Extravaganz und Kreativit\u00e4t gegenseitig \u00fcbertreffen, geschm\u00fcckt mit riesigen Spiraluhren und auff\u00e4lligen Make-Up, reisen die Stelzenl\u00e4ufer-Artisten \u201eFlying Traveler\u201c durch die Zeit und nehmen die staunenden Besucherinnen und Besucher mit ihrer Stelzenfiguren-Performance mit in eine Welt, in der Steampunk gelebt wird.<\/p>\n<p><strong>Die Frankonier: Feuershow<\/strong><\/p>\n<p>Wenn es dunkler wird, erhellen die Frankonier mit einem au\u00dfergew\u00f6hnlichen Feuerspiel die Nacht und ziehen alle Besucherinnen und Besucher in ihren feurigen Bann.<\/p>\n<p><strong>Schneek\u00f6nigin und Weihnachtsmann<\/strong><\/p>\n<p>Weihnachtsmann und Schneek\u00f6nigin \u2013 auch die \u00e4ltesten Protagonisten der Weihnachtsgeschichte d\u00fcrfen beim mythisch-angehauchten, historischen Winter-Spektakulum nicht fehlen. Denn wie die Geschichte es besagt, kann nur der Weihnachtsmann, mit der Hilfe der Schneek\u00f6nigin, die tiefsten W\u00fcnsche der kleinsten Besucher ergr\u00fcnden. Und wie praktisch f\u00fcr alle Eltern, dass schon bald Weihnachten ist!<\/p>\n<p><strong>Professor Abraxo<\/strong><\/p>\n<p>Professor Abraxo ist alles, aber nicht normal! Er ist Zauberer, Erfinder, Wissenschaftler und vor allem versteht er sein Handwerk. Mit Tricks f\u00fcr Gro\u00df und Klein begeistert er alle Altersklassen und nimmt die Besucherinnen und Besucher mit ins 19. Jahrhundert, wo er doch urspr\u00fcnglich herkommt.<\/p>\n<p><strong>K\u00f6nigliche Bl\u00e4ser \u201eHarmonie Von Arcen\u201c<\/strong><\/p>\n<p>K\u00f6nigliche Harmonie Von Arcen bedeutet festlicher Glanz in musikalischer Form. Die Bl\u00e4ser-Combo verzaubert mit traditioneller Weihnachtsmusik, die Herzen ber\u00fchrt. Ein Auftritt voller Harmonie, Besinnlichkeit und weihnachtlicher Freude.<\/p>\n<p><strong>Wilhelmina Tausendwort<\/strong><\/p>\n<p>Geheimnisse und Geschichten, Famoses und Kurioses, Tiefsinniges, Hintersinniges und \u00dcbersinnliches: Wo andere mit Waren handeln, da bietet Wilhelmina Tausendwort Geschichten aus l\u00e4ngst vergangenen Zeiten. Spannendes und Unglaubliches f\u00fcr die Ohren, f\u00fcr die Augen zum Staunen und f\u00fcr die H\u00e4nde zum Begreifen.<\/p>\n<p><strong>Whitechapel Gazette<\/strong><\/p>\n<p>Wer ben\u00f6tigt noch einen Adelstitel, ein Patent oder sonstiges Dokument? Der Meisterf\u00e4lscher Duke of Mortmouth kommt nach Altena. Auch in diesem Jahr beehrt die Whitechapel Gazette mit ihrem Herausgeber, dem LordMajor Ihrer Majest\u00e4t, Sir William \u201eHis Grace, the Duke of Mortmouth\u201c, Count of Alt-Niedergro\u00dfbr\u00fcckdorff, das Winter-Spektakulum auf Burg Altena. Er selbst bezeichnet sich als \u201euniversalgelehrten Verfasser extraordin\u00e4rer Texte, einen Schmierenschreiber und F\u00e4lscher par excellence sowie den eloquentesten Hochstapler der westlichen Hemisph\u00e4re\u201c.<\/p>\n<p><strong>Post Mortem <\/strong><\/p>\n<p>Mit der Ausstellung zur Bestattungskultur des 18. und 19. Jahrhundert pr\u00e4sentiert die Gruppe \u201ePost Mortem\u201c l\u00e4ngst vergessene Br\u00e4uche und Rituale. Historisch fundiertes Wissen wird den Besuchern anhand diverser Ausstellungsst\u00fccke, Buch- und Bildmaterial sowie in Kurzvortr\u00e4gen n\u00e4hergebracht.<\/p>\n<p><strong>Theodora von Levkoje \u2013 Wissenschaft mit Augenzwinkern<\/strong><\/p>\n<p>Die Steampunk-Biologin und Forscherin Theodora von Levkoje hat es sich zur Aufgabe gemacht, sich um kuriose, kranke und zugegebenerma\u00dfen nicht ganz ungef\u00e4hrliche Pflanzen zu k\u00fcmmern. Sie zeigt diese ganz besonderen, empfindlichen Exemplare in den gesch\u00fctzten R\u00e4umen der Burgmuseen.\u00a0 In ihrer Obhut, mit einer besonderen N\u00e4hrl\u00f6sung und den speziellen von Herrn Jefferson Harvey Crawford entwickelten Behandlungsmethoden, p\u00e4ppelt sie die Pflanzen auf. Genesen und gest\u00e4rkt, werden die Gew\u00e4chse dann wieder in die Natur entlassen.<\/p>\n<p><strong>Zum Mitmachen im Museum<\/strong>:<\/p>\n<p>Ritter-Foto-Aktion und Kreativ-Stationen f\u00fcr Kinder.<\/p>\n<p><strong>F\u00fchrungen:\u00a0<\/strong><\/p>\n<p>Lichterf\u00fchrungen um die Burg und \u2013 nur f\u00fcr Erwachsene \u2013 Historisches zu \u201eLust &amp; Crime\u201c.<\/p>\n<p><strong>Tickets und Infos <\/strong><\/p>\n<p>Eintritt: Pro Tag f\u00fcnf Euro f\u00fcr Erwachsene und zwei Euro f\u00fcr Kinder und Jugendliche von sechs bis 17 Jahren. Kinder unter sechs Jahren haben freien Eintritt. Karten gibt es nur an der Tages- bzw. Abendkasse. In Sto\u00dfzeiten kann es zu Wartezeiten kommen. Bei Nutzung des Erlebnisaufzuges oder des Altenaer B\u00fcrgerbusses sind die jeweiligen Fahrpreise zus\u00e4tzlich zu zahlen.<\/p>\n<p><strong>Der Weg zur Burg<\/strong><\/p>\n<p>Um die H\u00f6henburg zu erreichen, reicht ein Fu\u00dfmarsch von nur ca. 15 Minuten aus der Innenstadt. Eine ganz besondere Art, die Burg zu erobern, ist eine Fahrt mit dem Erlebnisaufzug, der nicht nur Transportmittel, sondern vielmehr Geschichtenerz\u00e4hler ist (<a href=\"http:\/\/www.erlebnisaufzug.de\">www.erlebnisaufzug.de<\/a>). Au\u00dferdem pendelt auch der Altenaer B\u00fcrgerbus vom Besucherparkplatz \u201eLanger Kamp\u201c zur Burg und zur\u00fcck. Der Erlebnisaufzug Burg Altena und der Altenaer B\u00fcrgerbus verl\u00e4ngern ihre Fahrzeiten am Freitag und Samstag entsprechend. Bequem kann die Anreise auch mit dem \u00d6ffentlichen Personennahverkehr der MVG erfolgen. Unter nachfolgendem Link einfach die Starthaltestelle eingeben und die Fahrplanauskunft zeigt die passenden Verbindungen an: <a href=\"https:\/\/mvgundlos.de\/events\/winterspektakulum-burg-altena\/\">https:\/\/mvgundlos.de\/events\/winterspektakulum-burg-altena\/<\/a><\/p>\n<p><strong>Parkm\u00f6glichkeiten:\u00a0 <\/strong><\/p>\n<p>Besucherparkplatz \u201eLanger Kamp\u201c; Lenneuferstr.<\/p>\n<p>Tiefgarage \u201eBurg Holtzbrinck\u201c, Lenneuferstr. \/ Im K\u00fcstersort<\/p>\n<p>Parkplatz K\u00fcstersort<\/p>\n<p>Parkpl\u00e4tze entlang der Lenneuferstr.<\/p>\n<p>Parkplatz Fritz-Berg-Br\u00fccke<\/p>\n<p>Parkplatz Linscheidstr. (Stadtwerke)<\/p>\n<p>Beh\u00f6rdenhaus Bismarckstr. (kurzer Fu\u00dfweg \u00fcber L\u00fcdenscheider Str. und Mittlere Br\u00fccke in die Fu\u00dfg\u00e4ngerzone)<\/p>\n<p>Es gibt keine Parkm\u00f6glichkeiten direkt an der Burg; die Zufahrtstra\u00dfen sind an den Veranstaltungstagen gesperrt.<\/p>\n<p><strong>Alle Infos unter: <\/strong><a href=\"http:\/\/www.burg-altena.de\"><strong>www.burg-altena.de<\/strong><\/a><\/p>\n<p>&nbsp;<\/p>\n","protected":false},"excerpt":{"rendered":"<p>(pmk). Zum ersten Adventswochenende \u00f6ffnet die Burg Altena ihre Tore  [&#8230;]<\/p>\n","protected":false},"author":3,"featured_media":22927,"comment_status":"closed","ping_status":"closed","sticky":false,"template":"","format":"standard","meta":{"two_page_speed":[],"footnotes":""},"categories":[13],"tags":[],"class_list":["post-22926","post","type-post","status-publish","format-standard","has-post-thumbnail","hentry","category-was-und-wo"],"_links":{"self":[{"href":"https:\/\/www.mk-journal.de\/index.php\/wp-json\/wp\/v2\/posts\/22926","targetHints":{"allow":["GET"]}}],"collection":[{"href":"https:\/\/www.mk-journal.de\/index.php\/wp-json\/wp\/v2\/posts"}],"about":[{"href":"https:\/\/www.mk-journal.de\/index.php\/wp-json\/wp\/v2\/types\/post"}],"author":[{"embeddable":true,"href":"https:\/\/www.mk-journal.de\/index.php\/wp-json\/wp\/v2\/users\/3"}],"replies":[{"embeddable":true,"href":"https:\/\/www.mk-journal.de\/index.php\/wp-json\/wp\/v2\/comments?post=22926"}],"version-history":[{"count":1,"href":"https:\/\/www.mk-journal.de\/index.php\/wp-json\/wp\/v2\/posts\/22926\/revisions"}],"predecessor-version":[{"id":22928,"href":"https:\/\/www.mk-journal.de\/index.php\/wp-json\/wp\/v2\/posts\/22926\/revisions\/22928"}],"wp:featuredmedia":[{"embeddable":true,"href":"https:\/\/www.mk-journal.de\/index.php\/wp-json\/wp\/v2\/media\/22927"}],"wp:attachment":[{"href":"https:\/\/www.mk-journal.de\/index.php\/wp-json\/wp\/v2\/media?parent=22926"}],"wp:term":[{"taxonomy":"category","embeddable":true,"href":"https:\/\/www.mk-journal.de\/index.php\/wp-json\/wp\/v2\/categories?post=22926"},{"taxonomy":"post_tag","embeddable":true,"href":"https:\/\/www.mk-journal.de\/index.php\/wp-json\/wp\/v2\/tags?post=22926"}],"curies":[{"name":"wp","href":"https:\/\/api.w.org\/{rel}","templated":true}]}}