{"id":22952,"date":"2025-11-24T14:56:01","date_gmt":"2025-11-24T12:56:01","guid":{"rendered":"https:\/\/www.mk-journal.de\/?p=22952"},"modified":"2025-11-24T14:56:01","modified_gmt":"2025-11-24T12:56:01","slug":"kreis-setzt-zeichen-gegen-gewalt-an-frauen","status":"publish","type":"post","link":"https:\/\/www.mk-journal.de\/index.php\/2025\/11\/24\/kreis-setzt-zeichen-gegen-gewalt-an-frauen\/","title":{"rendered":"Kreis setzt Zeichen gegen Gewalt an Frauen"},"content":{"rendered":"<p style=\"line-height: 16.5pt;\"><span style=\"font-family: 'Calibri',sans-serif; color: #153643;\">(pmk). Mit der Fahne zum Orange-Day macht der M\u00e4rkische Kreis am L\u00fcdenscheider Kreishaus ab dem 25. November auf den weltweiten Aktionstag gegen Gewalt an Frauen und M\u00e4dchen aufmerksam. Die Fahne tr\u00e4gt die klare Botschaft: \u201eWir sagen Nein zu Gewalt gegen Frauen\u201c.<span class=\"apple-converted-space\">\u00a0<\/span><\/span><span style=\"font-family: 'Calibri',sans-serif; color: #153643;\">Auch die Burg Altena setzt ein sichtbares Zeichen. Sie wird zum Aktionstag in kr\u00e4ftigem Orange erstrahlen. Die Runden Tische gegen H\u00e4usliche Gewalt im M\u00e4rkischen Kreis laden zu verschiedenen Veranstaltungen ein. Weitere Informationen stehen im Veranstaltungskalender unter: <a href=\"https:\/\/t1p.de\/Veranstaltungskalender_GewaltgegenFrauen\"><strong><span style=\"font-family: 'Calibri',sans-serif;\">https:\/\/t1p.de\/Veranstaltungskalender_GewaltgegenFrauen<\/span><\/strong><\/a>.<span class=\"apple-converted-space\">\u00a0<\/span><\/span><\/p>\n<p><strong>Von der UNO ins Leben gerufen<\/strong><\/p>\n<p style=\"line-height: 16.5pt;\"><span style=\"font-family: 'Calibri',sans-serif; color: #153643;\">Der 25. November erinnert seit \u00fcber drei Jahrzehnten an Betroffene von Gewalt. Die UNO rief den Internationalen Tag ins Leben, um Engagement f\u00fcr Gleichberechtigung und Schutz vor Gewalt zu st\u00e4rken. Bundesweit beteiligen sich zahlreiche Kommunen und Organisationen mit Aktionen und Beleuchtungen. <\/span><span style=\"font-family: 'Calibri',sans-serif; color: #153643;\">Das Hilfetelefon \u201eGewalt gegen Frauen\u201c bietet rund um die Uhr kostenfreie und anonyme Beratung unter\u00a0<a href=\"http:\/\/www.hilfetelefon.de\">www.hilfetelefon.de<\/a>.<\/span><\/p>\n","protected":false},"excerpt":{"rendered":"<p>(pmk). Mit der Fahne zum Orange-Day macht der M\u00e4rkische Kreis  [&#8230;]<\/p>\n","protected":false},"author":3,"featured_media":22953,"comment_status":"closed","ping_status":"closed","sticky":false,"template":"","format":"standard","meta":{"two_page_speed":[],"footnotes":""},"categories":[7],"tags":[],"class_list":["post-22952","post","type-post","status-publish","format-standard","has-post-thumbnail","hentry","category-dies-und-das"],"_links":{"self":[{"href":"https:\/\/www.mk-journal.de\/index.php\/wp-json\/wp\/v2\/posts\/22952","targetHints":{"allow":["GET"]}}],"collection":[{"href":"https:\/\/www.mk-journal.de\/index.php\/wp-json\/wp\/v2\/posts"}],"about":[{"href":"https:\/\/www.mk-journal.de\/index.php\/wp-json\/wp\/v2\/types\/post"}],"author":[{"embeddable":true,"href":"https:\/\/www.mk-journal.de\/index.php\/wp-json\/wp\/v2\/users\/3"}],"replies":[{"embeddable":true,"href":"https:\/\/www.mk-journal.de\/index.php\/wp-json\/wp\/v2\/comments?post=22952"}],"version-history":[{"count":1,"href":"https:\/\/www.mk-journal.de\/index.php\/wp-json\/wp\/v2\/posts\/22952\/revisions"}],"predecessor-version":[{"id":22954,"href":"https:\/\/www.mk-journal.de\/index.php\/wp-json\/wp\/v2\/posts\/22952\/revisions\/22954"}],"wp:featuredmedia":[{"embeddable":true,"href":"https:\/\/www.mk-journal.de\/index.php\/wp-json\/wp\/v2\/media\/22953"}],"wp:attachment":[{"href":"https:\/\/www.mk-journal.de\/index.php\/wp-json\/wp\/v2\/media?parent=22952"}],"wp:term":[{"taxonomy":"category","embeddable":true,"href":"https:\/\/www.mk-journal.de\/index.php\/wp-json\/wp\/v2\/categories?post=22952"},{"taxonomy":"post_tag","embeddable":true,"href":"https:\/\/www.mk-journal.de\/index.php\/wp-json\/wp\/v2\/tags?post=22952"}],"curies":[{"name":"wp","href":"https:\/\/api.w.org\/{rel}","templated":true}]}}