{"id":22965,"date":"2025-11-25T10:14:36","date_gmt":"2025-11-25T08:14:36","guid":{"rendered":"https:\/\/www.mk-journal.de\/?p=22965"},"modified":"2025-11-25T10:14:36","modified_gmt":"2025-11-25T08:14:36","slug":"weihnachts-und-winterspass-im-sauerlandpark","status":"publish","type":"post","link":"https:\/\/www.mk-journal.de\/index.php\/2025\/11\/25\/weihnachts-und-winterspass-im-sauerlandpark\/","title":{"rendered":"Weihnachts- und Winterspass im Sauerlandpark"},"content":{"rendered":"<h4>SPARKASSE Wintergarten startet am 29. November<\/h4>\n<p>(PSH). Nach dem HerbstLichtgarten und Halloween beginnt im Sauerlandpark Hemer der SPARKASSE Wintergarten &#8211; zumindest hinter den Kulissen. Etwas mehr als drei Wochen braucht das Team des Sauerlandparks, um die sch\u00f6nste Zeit des Jahres in der Felsenmeerstadt vorzubereiten. \u201eF\u00fcr uns beginnt alles mit dem Aufbau der gro\u00dfen Almh\u00fctte und den vielen Zelten rund um den Himmelsspiegel. Dann k\u00fcmmern wir uns ums Eis, auch das dauert rund eine Woche. Anschlie\u00dfend geht\u2019s an die Details und an die Dekoration, sagt Stephan Taubensee, Parkmeister im Sauerlandpark. Aktuell arbeitet er mit seinen Teamkollegen aus dem Team Gr\u00fcn und dem Team Infrastruktur an den letzten Kleinigkeiten, damit alles rechtzeitig f\u00fcr das erste Adventswochenende fertig wird.<\/p>\n<p><strong>Familien-Weihnacht<\/strong><\/p>\n<p>Dann kehrt der SPARKASSE Wintergarten mit der Familien-Weihnacht an allen Adventswochenenden und den Weihnachtsferien vom 29. November bis zum 6. Januar in S\u00fcdwestfalens gr\u00f6\u00dften Garten- und Landschaftspark zur\u00fcck. Vor Weihnachten \u00f6ffnet der Wintergarten rund um den Himmelsspiegel immer samstags und sonntags, mit Beginn der Weihnachtsferien t\u00e4glich. Im Mittelpunkt der Winterzeit im Park stehen viele besondere Bastel-&amp; Mitmach-Aktionen f\u00fcr Kinder und Kids, die 600 Quadratmeter gro\u00dfe Open Air-Eisfl\u00e4che zum Eisstockschie\u00dfen oder Eislaufen und ein Winterdorf mit einer gem\u00fctlichen Almh\u00fctte, Kinderkarussell und zahlreichen Ausstellern.<\/p>\n<p><strong>Highlight f\u00fcr Hemer<\/strong><\/p>\n<p>\u201eDer SPARKASSE WinterGarten ist ein besonderes Highlight f\u00fcr Hemer. In den vergangenen Jahren ist es uns gelungen, ihn weiter wachsen zu lassen. Gleichzeitig haben wir sein Profil gest\u00e4rkt. Heute ist der WinterGarten an den Adventswochenenden und in den Ferien eine echte Familienweihnacht\u201c, so Hemers B\u00fcrgermeister Christian Schweitzer. Das best\u00e4tigt auch Dietmar Tacke, Vorstandsvorsitzender der Sparkasse M\u00e4rkisches Sauerland \u2013 Hemer | Menden: \u201eDiese Veranstaltung ist beste Werbung f\u00fcr Hemer und ein gro\u00dfer regionaler Anziehungspunkt.\u201c<\/p>\n<p><strong>In sechs der Weihnachtsdorf-H\u00fctten kann gebastelt, geschaut, bestaunt und gelernt werden. WISSENSWERT Natur, das Gr\u00fcne Klassenzimmer des Sauerlandparks, pr\u00e4sentiert Mitmach-Angebote f\u00fcr Kinder und ALLE ANDEREN:<\/strong><\/p>\n<ul>\n<li>Kreative S\u00fc\u00dfigkeiten-Werkstatt \u2013 hier k\u00f6nnen die kleinen Besucherinnen und Besucher ihrer Kreativit\u00e4t freien Lauf lassen. Die lernen, gebrannte Mandeln zu machen oder kleine Weihnachtsh\u00e4user aus Butterkeksen und anderen s\u00fc\u00dfen Sachen zu Die sind zum Aufessen, Hinstellen, Einstauben oder zum Verschenken bestens geeignet. Nikolausgesichter, Schneem\u00e4nner und Rentiere aus Marshmallows oder Z\u00fcge aus Dominosteinen gibt es auch \u2013 ganz nach Wunsch.<\/li>\n<li>Kerzen-Werkstatt \u2013 hier werden wei\u00dfe Stabkerzen bunt verziert und als Geschenk f\u00fcr die Familie mit nach Hause genommen. Au\u00dferdem pr\u00e4sentiert das Unternehmen H\u00e4dicke aus Hemer au\u00dfergew\u00f6hnliche Kerzenkreationen, D\u00fcfte und mehr.<\/li>\n<li>Holz-Werkstatt \u2013 wer stylt das sch\u00f6nste Astscheiben-Amulett mit Stiften, Bohrer oder L\u00f6tkolben \u2013 au\u00dferdem pr\u00e4sentieren wir Holzdeko zum Mitnehmen f\u00fcr Daheim<\/li>\n<li>Wichtel-Werkstatt \u2013 kreiert vor dem Fest eure ganz eignen Weihnachtskarten oder Weihnachtsbaumschmuck. Ein tolles Geschenk f\u00fcr eure Lieben. Wer m\u00f6chte bastelt eine Krippe f\u00fcr den Weihnachtsbaum. Tontopfengel erleben ihre Premiere. Rund um Silvester k\u00f6nnt ihr in der Bastelwerkstatt mit Hufeisen, Gl\u00fcckspilzen oder Kleebl\u00e4ttern euren Jahresstart ein wenig sch\u00f6ner machen. Anschlie\u00dfend wird\u2019s winterlich.<\/li>\n<li>Woll-Werkstatt des Stiftungshofes \u2013 filzt einen Anh\u00e4nger.<\/li>\n<li>Draht-Werkstatt &#8211; Schmuck aus Draht herzustellen erlebte im letzten Jahr seine Premiere im Park. Gestaltet werden k\u00f6nnen Ringe oder Anh\u00e4nger f\u00fcr Halsketten und vieles mehr. Auch f\u00fcr den Weihnachtsbaum k\u00f6nnte etwas dabei sein. Au\u00dferdem informiert der Sauerlandpark \u00fcber die Urspr\u00fcnge des Drahtziehens in der M\u00e4rkischen Region \u2013 mit Unterst\u00fctzung des M\u00e4rkischen Drahtmuseums aus Altena und L\u00f6tters Draht aus Hemer.<\/li>\n<\/ul>\n<p><strong>Bastel- und Mitmachangebot<\/strong><\/p>\n<p>Das Bastel- und Mitmachangebot l\u00e4uft an allen Adventswochenenden und in den Ferien, bis einschlie\u00dflich Sonntag, 4. Januar, von 11:00 Uhr bis 17:00 Uhr. Ausnahmen gibt es an Heiligabend und Silvester. An diesen Tagen bietet der Park ebenfalls das Mittmachprogramm f\u00fcr Kinder und Kids an, aber nur in der Zeit von 11:00 Uhr bis 14:00 Uhr. Nur am 2. Weihnachtsfeiertag sind die Werkst\u00e4tten geschlossen. F\u00fcr alle Aktivit\u00e4ten berechnet der Sauerlandpark pro Kind, das mitmacht, eine kleine Materialpauschale. Wir haben parallel Platz f\u00fcr rund 350 Kinder, die gleichzeitig in den Werkst\u00e4tten aktiv sein k\u00f6nnen, trotzdem kann es hier und da zu Wartezeiten kommen. Sollte es so sein, bitten wir um Verst\u00e4ndnis.<\/p>\n<p><strong>Schlittschuhlaufen<\/strong><\/p>\n<p>Wer nicht basteln m\u00f6chte, der k\u00f6nnte zum Beispiel auch Schlittschuhlaufen gehen. Unsere Eiszeiten beginnen an allen Veranstaltungstagen um 11:00 Uhr.<\/p>\n<p><strong>Eislaufzeiten:<\/strong><\/p>\n<p><strong>\u00a0<\/strong>11:00 Uhr \u2013 13:00 Uhr<\/p>\n<p>13:30 Uhr \u2013 15:00 Uhr<\/p>\n<p>15:30 Uhr \u2013 17:00 Uhr<\/p>\n<p><strong>Eisdisco Anfang Januar<\/strong><\/p>\n<p>Am 4.\u00a0 und 5. Januar bietet der Sauerlandpark auch eine Eisdisco in den Abendstunden an. Hierzu gibt es an beiden Tagen, aber nur an diesen Tagen, zus\u00e4tzliche Eiszeiten von 17:30 Uhr bis 19:00 Uhr und von 19:30 Uhr bis 22:00 Uhr. Wer nicht Schlittschuhlaufen m\u00f6chte, kann auch die Krippe im Park erkunden. Au\u00dferdem haben wir unser Hexenh\u00e4uschen mit Stroh gef\u00fcllt und so in eine Indoor-Location zum Toben verwandelt.<\/p>\n<p>&nbsp;<\/p>\n<p>F\u00fcr das kulinarische Angebot sorgen die B\u00e4ckerei Vielhaber und Hemeraner Gastronomen, wie die City-Schenke und das Mettgenpin, die Waffel-Tante oder Marks Twister (Kartoffeltwister, Reibekuchen und Champions). Mandeln, Cr\u00eapes und andere s\u00fc\u00dfe Sachen gibt es selbstverst\u00e4ndlich auch. F\u00fcrs Getr\u00e4nkeangebot, mit Gl\u00fchwein, Kaffee, Kakao, frischem Veltins und vielem mehr sorgt das Team des Sauerlandparks selbst. Auch das sagenumwobene Fl\u00f6ff, Apfel, Zimt und ein Schuss Legende, ist zur\u00fcck Park. Au\u00dferdem finden alle Besucherinnen und Besucher diese Aussteller im kleinen Winterdorf rund um den Himmelsspiegel:<\/p>\n<p><strong>Aussteller<\/strong><\/p>\n<p>Lanas Wollst\u00fccke (Geschenkartikel &amp; Handyketten aus dem Handmade-Shop), InS Kreativ Deko von Ingrid Scholz (Gen\u00e4htes, Gesticktes &amp; mehr), Birgt Zachwieja (Acryl-Bilder, Seiden-und Schmuckobjekte) und handgemachten Schmuck bietet das Schmuckstudio Bettina Dreesmann. Tamara Kaufmann von Vigano Candels pr\u00e4sentiert sich mit ihrem Angebot an Kerzen, Silke Jankowski (Postkarten, Lesezeichen, Intuitive Neuroline Art), Erich Wilhelmus mit seinem Blumen-Express (Topf- und Schnittblumen, Kr\u00e4nze), Lederwaren Sachdefa, My Happy Fabric (Besticktes, M\u00fctzen, Schals), Imkerverein Hemer und das Team Rechenberg-Grab (Dekoraktionen aus Holz) und die \u00b4Dons of Gin` (Marek Wozney &amp; Bastian Weifenbach\/Premium Gin). F\u00fcr ein weiteres kleines Highlight sorgen der evangelischen Kirchengemeinde Hemer (\u201eSegen to go\u201c, Gebetsboxen, Tolles f\u00fcr Kinder \u2013 nur 20.12.). Auch M\u00fctzen, Schals und Schmuck k\u00f6nnen in der kleinen Ausstellermeile in Augenschein genommen werden, sie werden zugunsten von an Leuk\u00e4mie erkrankten Personen verkauft.<\/p>\n<p><strong>Eisstockschie\u00dfen:<\/strong><\/p>\n<p>Bahnen, um in der Weihnachtszeit gemeinsam mit Freunden, Familie oder Bekannten Zeit zu verbringen, sind noch immer zum Preis von 111,00 Euro online buchbar. Aktuell hat der Sauerlandpark Hemer \u00fcber 280 Eisbahnen vergeben, das sind rund 70 mehr als zum Abschluss des Wintergartens in diesem Jahr. Buchungen sind m\u00f6glich: sparkasse-wintergarten.reservix.de . An diesen Tagen sind alle Termine zum Eisstockschie\u00dfen restlos ausgebucht<u>: <\/u>27.11.25,\u00a004.12.25,\u00a005.12.25,\u00a006.12.25,\u00a010.12.25,\u00a011.12.25,\u00a013.12.25,\u00a020.12.25,\u00a003.01.26<\/p>\n<p>Dazu hat das Eventteam des Sauerlandparks an einigen Tagen ein Programm gestaltet, dessen H\u00f6hepunkt immer sonntags um 17:00 Uhr stattfinden wird. Dann entz\u00fcndet der Sauerlandpark, Wochenende f\u00fcr Wochenende, fast vier Meter hohe, rote Adventskerzen. Die thronen hoch \u00fcber der Stadt, auf dem J\u00fcbergturm und sollten von vielen Orten Hemers gut sichtbar sein.<\/p>\n<p><strong>Besondere Tage im Wintergarten: <u>Samstag, 6. Dezember:<\/u><\/strong><\/p>\n<p><strong>Mit dem Nikolaus &amp; Rabe Rudi aus Siebensteins Laden (KiKa)<\/strong><\/p>\n<p><strong>\u00a0<\/strong><strong>Live in der Sauerlandpark Alm: Kinderliedermacher Sem Seiffert<\/strong><\/p>\n<p>Familienfreundlicher Pop\/Rock mit dem gewissen Etwas verspricht Sem Seifert. Alle Kids, das ist garantiert, wird es bei diesem Programm auf gar keinen Fall kalt. Bewegung ist vorprogrammiert.<\/p>\n<p><strong><u>Sonntag, 14. Dezember \u2013 der Charitysonntag mit Ballett meets Pop:<\/u><\/strong><\/p>\n<p><strong>\u00a0<\/strong>Geplant sind neben weihnachtlichem Kinderschminken, vielen T\u00e4nzen der Ballettschule und Elfen, die vorher \u00fcberall rund um den Himmelsspiegel Weihnachtsgeschichten vorlesen, noch viele weitere kleine Aktionen. So hat sich auch der Weihnachtsmann angek\u00fcndigt, der unter anderem Geschenke verteilt.<\/p>\n<p><strong>Ebenfalls mit dabei: Philip Hemmelmann<\/strong><\/p>\n<p>Aufgewachsen im Ruhrgebiet, zuhause auf den Stra\u00dfen Europas. Der 26j\u00e4hrige S\u00e4nger Philipp Hemmelmann fand \u00fcber die Stra\u00dfenmusik zu seiner Passion \u2013 der Musik. Zun\u00e4chst als Nebenerwerb zur Finanzierung des Studiums begonnen, wurde die Musik sp\u00e4ter zur Leidenschaft. Im Sauerlandpark pr\u00e4sentiert der Singer \/ Songwriter bekannte Weihnachtssongs \u2013 im Original und mal selbst interpretiert.<\/p>\n<p><strong><u>An allen Advents-Wochenenden:<\/u><\/strong><\/p>\n<p><strong>Live auf dem Himmelsspiegel: 3Spiel \u2013 Das Blechbl\u00e4sertrio: <\/strong>Drei Jungs mit Schwung. Von klassischer Musik bis zu Pop, Schlager, Filmmusik, Swing und Jazz. Die drei Jungs lassen es garantiert krachen.<\/p>\n<p><strong>Heiligabend, 24. Dezember: <\/strong><strong>Hemer wartet aufs Christkind.<\/strong><\/p>\n<p>Das geh\u00f6rt zum Weihnachtsfest in der Felsenmeerstatdt einfach dazu dazu. Am Vormittag des Heiligen Abends treffen sich die Hemeranerinnen und Hemeraner wieder zum gem\u00fctlichen Beisammensein im Sauerlandpark. Die Idee ist einfach: Vor dem Fest mit der Familie wird der Himmelsspiegel Treffpunkt f\u00fcr Freunde, Bekannte, Nachbarn und all diejenigen, die ihre Freundinnen und Kumpels schon lange nicht mehr gesehen haben. Der Gl\u00fchwein ist hei\u00df, der Nikolaus hat \u00dcberraschungen f\u00fcr die Kleinsten und auch f\u00fcr den musikalischen Rahmen ist gesorgt. Die Eisbahn ist ge\u00f6ffnet zum Schlittschuhlaufen, genauso wie die Bastelwerkst\u00e4tten, die Mittmachaktionen f\u00fcr Kids anbieten. Vorreservierungen in der Almh\u00fctte des Parks sind leider nicht m\u00f6glich. Der SPARKASSE Wintergarten \u00f6ffnet am Heiligabend von 11:00 Uhr bis 14:00 Uhr.<\/p>\n<p><strong><u>Wochenende, 3. und 4. Januar: <\/u>Gl\u00fchweinfest<\/strong><\/p>\n<p><strong>\u00a0<\/strong>Zum Abschluss ein kleines Fest. Am letzten Wochenende des SPARKASSE Wintergartens l\u00e4dt der Sauerlandpark zum dritten Gl\u00fchweinfest. Bevor der Stress des neuen Jahres uns alle wieder in seinen Bann zieht, gilt es noch einmal einen entspannten Nachmittag im Winterdorf des Parks, rund um die Eisbahn am Himmelsspiegel, zu genie\u00dfen. Gem\u00fctlich soll es sein und eine Tradition draus werden. Neben unserem Achkarrer Winzergl\u00fchwein haben wir zahlreiche weitere Gl\u00fchweine im Ausschank \u2013 exklusiv an diesem Wochenende.<\/p>\n<p><strong><u>\u00d6ffnungszeiten SPARKASSE Wintergarten:<\/u><\/strong><\/p>\n<p>Vom 29. November bis 21. Dezember \u2013 nur an den Adventswochenenden (Samstag &amp; Sonntag):<\/p>\n<p>11:00 Uhr bis 17:00 Uhr<\/p>\n<p><strong><u>In den Ferien: 22. Dezember bis 06. Januar:<\/u><\/strong><\/p>\n<p><strong>\u00a0<\/strong>Almh\u00fctte:\u00a0\u00a0\u00a0\u00a0\u00a0\u00a0\u00a0\u00a0\u00a0\u00a0\u00a0\u00a0\u00a0\u00a0\u00a0\u00a0\u00a0\u00a0\u00a0\u00a0\u00a0\u00a0\u00a0\u00a0\u00a0\u00a0\u00a0\u00a0\u00a0\u00a0\u00a0 11:00 Uhr bis 20:30 Uhr<\/p>\n<p>Ab 18:00 Uhr gilt: Es gilt das Motto \u00b4First come, first serve`. Die Almh\u00fctte verf\u00fcgt \u00fcber ca. 50 frei zur Verf\u00fcgung stehende Sitzpl\u00e4tze.<\/p>\n<p>Eisstockschie\u00dfen:\u00a0\u00a0\u00a0\u00a0\u00a0\u00a0\u00a0\u00a0\u00a0\u00a0\u00a0\u00a0\u00a0\u00a0\u00a0\u00a0\u00a0 18:00 Uhr bis 23:30 Uhr<\/p>\n<p>(Reservierung: sparkasse-wintergarten.reservix.de)<\/p>\n<p>Bastel- &amp; Mitmachaktionen: 11:00 Uhr bis 17:00 Uhr<\/p>\n<p>(Nicht am 26.12., 5. &amp; 6. Januar)<\/p>\n<p><strong><u>Ausnahmen:<\/u><\/strong><\/p>\n<p><strong>\u00a0<\/strong>Heiligabend, 24.12:\u00a0\u00a0\u00a0\u00a0\u00a0\u00a0\u00a0\u00a0\u00a0\u00a0\u00a0\u00a0\u00a0\u00a0\u00a0 11:00 Uhr bis 14:00 Uhr<\/p>\n<ol>\n<li>Weihnachtsfeiertag: geschlossen<\/li>\n<li>Weihnachtsfeiertag: 11:00 Uhr bis 17:00 Uhr<\/li>\n<\/ol>\n<p>Silvester:\u00a0\u00a0\u00a0\u00a0\u00a0\u00a0\u00a0\u00a0\u00a0\u00a0\u00a0\u00a0\u00a0\u00a0\u00a0\u00a0\u00a0\u00a0\u00a0\u00a0\u00a0\u00a0\u00a0\u00a0\u00a0\u00a0\u00a0\u00a0\u00a0\u00a0\u00a0 11:00 Uhr bis 14:00 Uhr<\/p>\n<p>Neujahr, 01. Januar:\u00a0\u00a0\u00a0\u00a0\u00a0\u00a0\u00a0\u00a0\u00a0\u00a0\u00a0\u00a0\u00a0 geschlossen<\/p>\n","protected":false},"excerpt":{"rendered":"<p>SPARKASSE Wintergarten startet am 29. November (PSH). Nach dem HerbstLichtgarten  [&#8230;]<\/p>\n","protected":false},"author":3,"featured_media":22966,"comment_status":"closed","ping_status":"closed","sticky":false,"template":"","format":"standard","meta":{"two_page_speed":[],"footnotes":""},"categories":[13],"tags":[],"class_list":["post-22965","post","type-post","status-publish","format-standard","has-post-thumbnail","hentry","category-was-und-wo"],"_links":{"self":[{"href":"https:\/\/www.mk-journal.de\/index.php\/wp-json\/wp\/v2\/posts\/22965","targetHints":{"allow":["GET"]}}],"collection":[{"href":"https:\/\/www.mk-journal.de\/index.php\/wp-json\/wp\/v2\/posts"}],"about":[{"href":"https:\/\/www.mk-journal.de\/index.php\/wp-json\/wp\/v2\/types\/post"}],"author":[{"embeddable":true,"href":"https:\/\/www.mk-journal.de\/index.php\/wp-json\/wp\/v2\/users\/3"}],"replies":[{"embeddable":true,"href":"https:\/\/www.mk-journal.de\/index.php\/wp-json\/wp\/v2\/comments?post=22965"}],"version-history":[{"count":3,"href":"https:\/\/www.mk-journal.de\/index.php\/wp-json\/wp\/v2\/posts\/22965\/revisions"}],"predecessor-version":[{"id":22969,"href":"https:\/\/www.mk-journal.de\/index.php\/wp-json\/wp\/v2\/posts\/22965\/revisions\/22969"}],"wp:featuredmedia":[{"embeddable":true,"href":"https:\/\/www.mk-journal.de\/index.php\/wp-json\/wp\/v2\/media\/22966"}],"wp:attachment":[{"href":"https:\/\/www.mk-journal.de\/index.php\/wp-json\/wp\/v2\/media?parent=22965"}],"wp:term":[{"taxonomy":"category","embeddable":true,"href":"https:\/\/www.mk-journal.de\/index.php\/wp-json\/wp\/v2\/categories?post=22965"},{"taxonomy":"post_tag","embeddable":true,"href":"https:\/\/www.mk-journal.de\/index.php\/wp-json\/wp\/v2\/tags?post=22965"}],"curies":[{"name":"wp","href":"https:\/\/api.w.org\/{rel}","templated":true}]}}