{"id":22974,"date":"2025-11-25T10:41:53","date_gmt":"2025-11-25T08:41:53","guid":{"rendered":"https:\/\/www.mk-journal.de\/?p=22974"},"modified":"2025-11-25T10:41:53","modified_gmt":"2025-11-25T08:41:53","slug":"orange-day-macht-auf-gewalt-gegen-frauen-aufmerksam","status":"publish","type":"post","link":"https:\/\/www.mk-journal.de\/index.php\/2025\/11\/25\/orange-day-macht-auf-gewalt-gegen-frauen-aufmerksam\/","title":{"rendered":"\u201eOrange Day\u201c macht auf Gewalt gegen Frauen aufmerksam"},"content":{"rendered":"<h4>Viele Geb\u00e4ude in Iserlohn werden orange angestrahlt<\/h4>\n<p>Am Internationalen Tag gegen Gewalt an Frauen, zeigen Menschen weltweit mit Aktionen und Kundgebungen ihre Solidarit\u00e4t mit gewaltbetroffenen Frauen. Der sogenannte \u201eOrange Day\u201c markiert dabei den Beginn der zweiw\u00f6chigen UN-Kampagne \u201eOrange the World\u201c, die mit dem Tag der Menschenrechte am 10. Dezember endet. Die Farbe Orange steht hierbei symbolisch f\u00fcr Hoffnung, Mut und eine Zukunft ohne Gewalt.<\/p>\n<p><strong>Parktheater leuchtet innen orange<\/strong><\/p>\n<p>Auch in diesem Jahr beteiligt sich die Stadt Iserlohn an der Mitmachaktion zum \u201eOrange Day\u201c und wird mehrere Geb\u00e4udefassaden in der Innenstadt orange beleuchten. Dazu z\u00e4hlen die Bauernkirche, das Stadtmuseum und Postmuseum, die Stadtmauer am Fritz-K\u00fchn-Platz sowie die Stadtb\u00fccherei im Alten Rathaus. Au\u00dferdem wird das Parktheater eine orangefarbene Innenbeleuchtung haben. Dar\u00fcber hinaus werden viele Einzelh\u00e4ndlerinnen und Einzelh\u00e4ndler ihre Gesch\u00e4fte von au\u00dfen orange anstrahlen. Nicht nur in Iserlohn: Erstmalig wird ab diesem Jahr auch die Burg Altena zum Aktionstag orange beleuchtet.<\/p>\n<p><strong>Programm im &#8222;Pop-Up Theater&#8220;<\/strong><\/p>\n<p>Im \u201ePop-Up Theater\u201c (Wermingser Stra\u00dfe 30) veranstaltet der Zonta Club Iserlohn ab 15 Uhr ein buntes Programm, bestehend aus Musik, Diskussionsrunden mit Polizei, Jugendamt und Beratungsstellen sowie Redebeitr\u00e4gen. Dabei wird die Gleichstellungsbeauftragte der Stadt Iserlohn, Patricia da Cruz Santos, \u00fcber Praxisbeispiele, Erfolge und Herausforderungen ihrer Arbeit berichten und Iserlohns stellvertretender B\u00fcrgermeister Michael Scheffler wird ein Gru\u00dfwort sprechen. Au\u00dferdem tr\u00e4gt eine 15-j\u00e4hrige Sch\u00fclerin aus Altena einen Poetry-Slam vor, Sch\u00fclerinnen und Sch\u00fcler des Friederike-Fliedner Berufskollegs f\u00fchren ein Theaterst\u00fcck auf. Abschlie\u00dfend findet ab 17.30 Uhr ein Rundgang durch die Fu\u00dfg\u00e4ngerzone statt \u2013 mit Plakaten und orangefarbenen Laternen. Dazu sind alle Interessierten herzlich eingeladen. Der Eintritt zur Veranstaltung ist frei, eine vorherige Anmeldung ist nicht notwendig.<\/p>\n<p><strong>&#8222;Nein hei\u00dft Nein&#8220;-Theaterst\u00fcck<\/strong><\/p>\n<p>Im Parktheater (Alexanderh\u00f6he 3) unterst\u00fctzt der Zonta Club Iserlohn zudem ein interaktives Theaterst\u00fcck zum Thema \u201eNein hei\u00dft Nein\u201c, in dem Sch\u00fclerinnen und Sch\u00fclern das Thema sexuelle Bel\u00e4stigungen und \u00dcbergriffe in seinen verschiedenen Facetten nahegebracht wird. W\u00e4hrend der Auff\u00fchrung sowie im Anschluss wird dar\u00fcber diskutiert, wie in echten Situationen Gefahren besser erkannt werden, um darauf selbstbewusst zu reagieren, Hilfe anzubieten oder Unterst\u00fctzung zu suchen. Es nehmen Sch\u00fclerinnen und Sch\u00fcler (8. Bis 10. Klasse) des Gymnasiums An der Stenner sowie der Gesamtschulen Seilersee und Menden teil. Der Zonta Club und die Wichelhoven-Stiftung sponsern die Auff\u00fchrung.<\/p>\n<p><strong>Bundesweites Hilfetelefon<\/strong><\/p>\n<p>Auch das bundesweite <a href=\"https:\/\/www.hilfetelefon.de\/\">Hilfetelefon<\/a> \u201eGewalt gegen Frauen\u201c ruft bereits seit 2015 unter dem Motto \u201eWir brechen das Schweigen\u201c zum Mitmachen auf. Das Hilfetelefon ist 365 Tage im Jahr unter der Rufnummer 116 016, rund um die Uhr kostenfrei und anonym erreichbar. Beraten wird in 17 Sprachen und Geb\u00e4rdensprache, auch Angeh\u00f6rige, Freundinnen und Freunde finden Hilfe. Selbst ohne Guthaben auf dem Mobiltelefon kann die Hotline genutzt werden. Zur Sicherheit wird die Rufnummer des Hilfetelefons nicht im Einzelverbindungsnachweis ausgewiesen. Informationsmaterial kann bei der st\u00e4dtischen Gleichstellungsstelle (E-Mail: <a href=\"mailto:patricia.dacruzsantos@iserlohn.de\">patricia.dacruzsantos@iserlohn.de<\/a>, Tel. 02371 217-1330) angefordert werden.<\/p>\n","protected":false},"excerpt":{"rendered":"<p>Viele Geb\u00e4ude in Iserlohn werden orange angestrahlt Am Internationalen Tag  [&#8230;]<\/p>\n","protected":false},"author":3,"featured_media":22975,"comment_status":"closed","ping_status":"closed","sticky":false,"template":"","format":"standard","meta":{"two_page_speed":[],"footnotes":""},"categories":[10],"tags":[],"class_list":["post-22974","post","type-post","status-publish","format-standard","has-post-thumbnail","hentry","category-staedte-und-gemeinden"],"_links":{"self":[{"href":"https:\/\/www.mk-journal.de\/index.php\/wp-json\/wp\/v2\/posts\/22974","targetHints":{"allow":["GET"]}}],"collection":[{"href":"https:\/\/www.mk-journal.de\/index.php\/wp-json\/wp\/v2\/posts"}],"about":[{"href":"https:\/\/www.mk-journal.de\/index.php\/wp-json\/wp\/v2\/types\/post"}],"author":[{"embeddable":true,"href":"https:\/\/www.mk-journal.de\/index.php\/wp-json\/wp\/v2\/users\/3"}],"replies":[{"embeddable":true,"href":"https:\/\/www.mk-journal.de\/index.php\/wp-json\/wp\/v2\/comments?post=22974"}],"version-history":[{"count":1,"href":"https:\/\/www.mk-journal.de\/index.php\/wp-json\/wp\/v2\/posts\/22974\/revisions"}],"predecessor-version":[{"id":22976,"href":"https:\/\/www.mk-journal.de\/index.php\/wp-json\/wp\/v2\/posts\/22974\/revisions\/22976"}],"wp:featuredmedia":[{"embeddable":true,"href":"https:\/\/www.mk-journal.de\/index.php\/wp-json\/wp\/v2\/media\/22975"}],"wp:attachment":[{"href":"https:\/\/www.mk-journal.de\/index.php\/wp-json\/wp\/v2\/media?parent=22974"}],"wp:term":[{"taxonomy":"category","embeddable":true,"href":"https:\/\/www.mk-journal.de\/index.php\/wp-json\/wp\/v2\/categories?post=22974"},{"taxonomy":"post_tag","embeddable":true,"href":"https:\/\/www.mk-journal.de\/index.php\/wp-json\/wp\/v2\/tags?post=22974"}],"curies":[{"name":"wp","href":"https:\/\/api.w.org\/{rel}","templated":true}]}}