{"id":22983,"date":"2025-11-25T11:34:26","date_gmt":"2025-11-25T09:34:26","guid":{"rendered":"https:\/\/www.mk-journal.de\/?p=22983"},"modified":"2025-11-25T11:34:26","modified_gmt":"2025-11-25T09:34:26","slug":"kanzlerbaum-aus-dem-sauerland","status":"publish","type":"post","link":"https:\/\/www.mk-journal.de\/index.php\/2025\/11\/25\/kanzlerbaum-aus-dem-sauerland\/","title":{"rendered":"Kanzlerbaum aus dem Sauerland"},"content":{"rendered":"<p>(EB). Jedes Jahr stiftet der Dachverband der Arbeitsgemeinschaft Deutscher Waldbesitzerverb\u00e4nde einen Tannenbaum, der in der Weihnachtszeit hellbeleuchtet den Platz vor dem Bundeskanzleramt im Berliner Regierungsviertel schm\u00fcckt. In diesem Jahr stammt der Baum aus Plettenberg im Wahlkreis des heimischen Bundestagsabgeordneten Paul Ziemiak. Paul Ziemiak war beim F\u00e4llen des Baumes im Wald des neuen Vorsitzenden des Waldbauernverbandes, Eberhard Freiherr von Wrede, live vor Ort und verfolgte gespannt die Transportvorbereitungen der m\u00e4chtigen Tanne vor ihrer Reise in die Bundeshauptstadt.<\/p>\n<p><strong>Zeichen der Verbundenheit<\/strong><\/p>\n<p>\u201eHeute war ein ganz besonderer Tag f\u00fcr das Sauerland und f\u00fcr mich pers\u00f6nlich\u201c, unterstreicht Ziemiak, \u201edass der Weihnachtsbaum f\u00fcr das Berliner Regierungsviertel aus meiner Heimat und der Heimat unseres Bundeskanzlers Friedrich Merz kommt, freut mich au\u00dferordentlich.\u201c \u201eEs ist beeindruckend, wie eng unsere Region mit der Geschichte und Kultur unseres gesamten Landes verbunden ist. Der Kanzlerbaum aus dem Sauerland erinnert uns daran, wie viel traditionelles Handwerk und regionale Wirtschaft zu unserer nationalen Identit\u00e4t beitr\u00e4gt. Der Baum, der in den kommenden Wochen vor dem Bundeskanzleramt erstrahlen wird, ist ein sch\u00f6nes, sichtbares Zeichen dieser Verbundenheit\u201c, so Paul Ziemiak abschlie\u00dfend.<\/p>\n<p>&nbsp;<\/p>\n","protected":false},"excerpt":{"rendered":"<p>(EB). Jedes Jahr stiftet der Dachverband der Arbeitsgemeinschaft Deutscher Waldbesitzerverb\u00e4nde  [&#8230;]<\/p>\n","protected":false},"author":3,"featured_media":22984,"comment_status":"closed","ping_status":"closed","sticky":false,"template":"","format":"standard","meta":{"two_page_speed":[],"footnotes":""},"categories":[7],"tags":[],"class_list":["post-22983","post","type-post","status-publish","format-standard","has-post-thumbnail","hentry","category-dies-und-das"],"_links":{"self":[{"href":"https:\/\/www.mk-journal.de\/index.php\/wp-json\/wp\/v2\/posts\/22983","targetHints":{"allow":["GET"]}}],"collection":[{"href":"https:\/\/www.mk-journal.de\/index.php\/wp-json\/wp\/v2\/posts"}],"about":[{"href":"https:\/\/www.mk-journal.de\/index.php\/wp-json\/wp\/v2\/types\/post"}],"author":[{"embeddable":true,"href":"https:\/\/www.mk-journal.de\/index.php\/wp-json\/wp\/v2\/users\/3"}],"replies":[{"embeddable":true,"href":"https:\/\/www.mk-journal.de\/index.php\/wp-json\/wp\/v2\/comments?post=22983"}],"version-history":[{"count":1,"href":"https:\/\/www.mk-journal.de\/index.php\/wp-json\/wp\/v2\/posts\/22983\/revisions"}],"predecessor-version":[{"id":22985,"href":"https:\/\/www.mk-journal.de\/index.php\/wp-json\/wp\/v2\/posts\/22983\/revisions\/22985"}],"wp:featuredmedia":[{"embeddable":true,"href":"https:\/\/www.mk-journal.de\/index.php\/wp-json\/wp\/v2\/media\/22984"}],"wp:attachment":[{"href":"https:\/\/www.mk-journal.de\/index.php\/wp-json\/wp\/v2\/media?parent=22983"}],"wp:term":[{"taxonomy":"category","embeddable":true,"href":"https:\/\/www.mk-journal.de\/index.php\/wp-json\/wp\/v2\/categories?post=22983"},{"taxonomy":"post_tag","embeddable":true,"href":"https:\/\/www.mk-journal.de\/index.php\/wp-json\/wp\/v2\/tags?post=22983"}],"curies":[{"name":"wp","href":"https:\/\/api.w.org\/{rel}","templated":true}]}}