{"id":22994,"date":"2025-11-26T15:23:53","date_gmt":"2025-11-26T13:23:53","guid":{"rendered":"https:\/\/www.mk-journal.de\/?p=22994"},"modified":"2025-11-26T15:23:53","modified_gmt":"2025-11-26T13:23:53","slug":"kenan-m-in-serbien-gefasst","status":"publish","type":"post","link":"https:\/\/www.mk-journal.de\/index.php\/2025\/11\/26\/kenan-m-in-serbien-gefasst\/","title":{"rendered":"Kenan M. in Serbien gefasst"},"content":{"rendered":"<p>(ots). Kenan M., der dringend tatverd\u00e4chtig ist am 22. August in Menden einen 45-J\u00e4hrigen durch Sch\u00fcsse t\u00f6dlich und einen 49 Jahre alten Mann schwer verletzt zu haben, ist gefasst. Wie Staatsanwaltlschaft und Mordkommission miteilen, wurde der mutma\u00dfliche Todessch\u00fctze nun im Rahmen der Ermittlungsarbeit von Zielfahndern des Landeskriminalamtes in Serbien bei einer Kontrolle ausfindig gemacht und festgenommen. Dort hielt er sich unter falschen Personalien auf. Er soll jetzt der deutschen Justiz \u00fcberf\u00fchrt werden.<\/p>\n<p>&nbsp;<\/p>\n","protected":false},"excerpt":{"rendered":"<p>(ots). Kenan M., der dringend tatverd\u00e4chtig ist am 22. August  [&#8230;]<\/p>\n","protected":false},"author":3,"featured_media":22995,"comment_status":"closed","ping_status":"closed","sticky":false,"template":"","format":"standard","meta":{"two_page_speed":[],"footnotes":""},"categories":[3],"tags":[],"class_list":["post-22994","post","type-post","status-publish","format-standard","has-post-thumbnail","hentry","category-polizeimeldungen"],"_links":{"self":[{"href":"https:\/\/www.mk-journal.de\/index.php\/wp-json\/wp\/v2\/posts\/22994","targetHints":{"allow":["GET"]}}],"collection":[{"href":"https:\/\/www.mk-journal.de\/index.php\/wp-json\/wp\/v2\/posts"}],"about":[{"href":"https:\/\/www.mk-journal.de\/index.php\/wp-json\/wp\/v2\/types\/post"}],"author":[{"embeddable":true,"href":"https:\/\/www.mk-journal.de\/index.php\/wp-json\/wp\/v2\/users\/3"}],"replies":[{"embeddable":true,"href":"https:\/\/www.mk-journal.de\/index.php\/wp-json\/wp\/v2\/comments?post=22994"}],"version-history":[{"count":1,"href":"https:\/\/www.mk-journal.de\/index.php\/wp-json\/wp\/v2\/posts\/22994\/revisions"}],"predecessor-version":[{"id":22996,"href":"https:\/\/www.mk-journal.de\/index.php\/wp-json\/wp\/v2\/posts\/22994\/revisions\/22996"}],"wp:featuredmedia":[{"embeddable":true,"href":"https:\/\/www.mk-journal.de\/index.php\/wp-json\/wp\/v2\/media\/22995"}],"wp:attachment":[{"href":"https:\/\/www.mk-journal.de\/index.php\/wp-json\/wp\/v2\/media?parent=22994"}],"wp:term":[{"taxonomy":"category","embeddable":true,"href":"https:\/\/www.mk-journal.de\/index.php\/wp-json\/wp\/v2\/categories?post=22994"},{"taxonomy":"post_tag","embeddable":true,"href":"https:\/\/www.mk-journal.de\/index.php\/wp-json\/wp\/v2\/tags?post=22994"}],"curies":[{"name":"wp","href":"https:\/\/api.w.org\/{rel}","templated":true}]}}