{"id":22998,"date":"2025-11-26T15:38:40","date_gmt":"2025-11-26T13:38:40","guid":{"rendered":"https:\/\/www.mk-journal.de\/?p=22998"},"modified":"2025-11-26T15:38:40","modified_gmt":"2025-11-26T13:38:40","slug":"kreisheimatbund-ralf-schwarzkopf-neuer-vorsitzender","status":"publish","type":"post","link":"https:\/\/www.mk-journal.de\/index.php\/2025\/11\/26\/kreisheimatbund-ralf-schwarzkopf-neuer-vorsitzender\/","title":{"rendered":"Kreisheimatbund: Ralf Schwarzkopf neuer Vorsitzender"},"content":{"rendered":"<p>(pmk). Ralf Schwarzkopf ist neuer Vorsitzender des Heimatbundes M\u00e4rkischer Kreis. Der neue Landrat \u00fcbernimmt das Amt von seinem Vorg\u00e4nger, dem ehemaligen Landrat Marco Voge. Zudem gibt es ein neues Mitglied im Heimatbund: der Verein Marionettenb\u00fchne Mummenschanz aus Altena. Die Mitgliederversammlung des Heimatbundes M\u00e4rkischer Kreis stand im Zeichen von Wahlen und Berichten. In der Betriebsgastronomie im Kreishaus L\u00fcdenscheid ist Landrat Ralf Schwarzkopf einstimmig zum neuen Vorsitzenden des Heimatbundes gew\u00e4hlt worden. Der Verein hat sich auf die Fahnen geschrieben, den Umwelt-, Landschafts- und Denkmalschutz sowie den Heimatgedanken zu pflegen und zu f\u00f6rdern. Der Kreisheimatbund unterst\u00fctzt dabei lokale Aktivit\u00e4ten der Heimatarbeit und \u00fcbernimmt Aufgaben, die von den \u00f6rtlichen Vereinen und Ortsheimatpflegern nicht wahrgenommen werden k\u00f6nnen.<\/p>\n<p><strong>R\u00fcckblick auf 2024<\/strong><\/p>\n<p>Den R\u00fcckblick auf das Jahr 2024 \u00fcbernahm Gesch\u00e4ftsf\u00fchrer Detlef Kr\u00fcger. Er berichtete unter anderem \u00fcber die Teilnahme am Erlebnistag in Plettenberg rund um die Christuskirche im Rahmen der Plettenberger Woche (\u201ePleWo\u201c). Die Gemeinschaftsveranstaltung in Kooperation und Zusammenarbeit mit dem Heimatkreis und KulTour Plettenberg lockte mehr als 1000 Menschen. Besonders beliebt waren die vielf\u00e4ltigen Mitmachstationen.<\/p>\n<p><strong>Vereine und Projekte gef\u00f6rdert<\/strong><\/p>\n<p>Gef\u00f6rdert wurden im Vorjahr unter anderem folgende Vereine und Projekte: der Theaterworkshop an der Gesamtschule Iserlohn im Rahmen der Internationalen Woche gegen Rassismus (500 Euro), der Heimatverein Meinerzhagen zum 850-j\u00e4hrigen Jubil\u00e4um (500 Euro), der Heimatverein Dorf Dr\u00f6schede (500-Euro-Zuschuss f\u00fcr Spielger\u00e4te) sowie der Meinerzhagener Stadtteil Valbert mit 500 Euro zur Erhaltung des Gesundbrunnens.<\/p>\n<p><strong>Berichte der Vereine<\/strong><\/p>\n<p>Ein wichtiger Punkt der Mitgliederversammlung waren die T\u00e4tigkeitsberichte der Vereine. Den Mitgliedern wurden ausf\u00fchrliche Informationen \u00fcber Aktivit\u00e4ten und Projekte in den Vereinen vermittelt. Im kommenden Jahr wird ein neuer Verein seinen Bericht w\u00e4hrend der Mitgliederversammlung vortragen: einstimmig entschieden die Mitglieder, die Marionettenb\u00fchne Mummenschanz mit Sitz in Altena in den Heimatbund M\u00e4rkischer Kreis aufzunehmen. Seit 2016 ist die Amateurb\u00fchne als eingetragener Verein organisiert. Aktiv sind zehn Engagierte im Alter von zw\u00f6lf bis 70 Jahren. Die Puppenwerkstatt und das Vereinsheim befinden sich in Altena. Alle Marionetten entstehen in der eigenen Werkstatt.<\/p>\n<p><strong>Auftritte vornehmlich in Altena<\/strong><\/p>\n<p>Als Tournee-Theater ohne feste B\u00fchne finden die Auftritte der Marionettenb\u00fchne haupts\u00e4chlich in Altena statt. Aber auch in Regionen au\u00dferhalb des M\u00e4rkischen Sauerlandes sind Auff\u00fchrungen realisierbar. Das Repertoire reicht von Klassikern der Jugendliteratur (zum Beispiel Robinson Crusoe) \u00fcber M\u00e4rchen-Balladen (Zauberlehrling Leopold) bis hin zu Dramen f\u00fcr ein erwachsenes Publikum (zum Beispiel Die lustigen Weiber von Altena). Weitere Informationen: <a href=\"http:\/\/www.marionettenbuehne-mummenschanz.de\">www.marionettenbuehne-mummenschanz.de<\/a> und <a href=\"https:\/\/heimatbund-mk.de\/\">https:\/\/heimatbund-mk.de\/<\/a><\/p>\n","protected":false},"excerpt":{"rendered":"<p>(pmk). Ralf Schwarzkopf ist neuer Vorsitzender des Heimatbundes M\u00e4rkischer Kreis.  [&#8230;]<\/p>\n","protected":false},"author":3,"featured_media":22999,"comment_status":"closed","ping_status":"closed","sticky":false,"template":"","format":"standard","meta":{"two_page_speed":[],"footnotes":""},"categories":[7],"tags":[],"class_list":["post-22998","post","type-post","status-publish","format-standard","has-post-thumbnail","hentry","category-dies-und-das"],"_links":{"self":[{"href":"https:\/\/www.mk-journal.de\/index.php\/wp-json\/wp\/v2\/posts\/22998","targetHints":{"allow":["GET"]}}],"collection":[{"href":"https:\/\/www.mk-journal.de\/index.php\/wp-json\/wp\/v2\/posts"}],"about":[{"href":"https:\/\/www.mk-journal.de\/index.php\/wp-json\/wp\/v2\/types\/post"}],"author":[{"embeddable":true,"href":"https:\/\/www.mk-journal.de\/index.php\/wp-json\/wp\/v2\/users\/3"}],"replies":[{"embeddable":true,"href":"https:\/\/www.mk-journal.de\/index.php\/wp-json\/wp\/v2\/comments?post=22998"}],"version-history":[{"count":1,"href":"https:\/\/www.mk-journal.de\/index.php\/wp-json\/wp\/v2\/posts\/22998\/revisions"}],"predecessor-version":[{"id":23000,"href":"https:\/\/www.mk-journal.de\/index.php\/wp-json\/wp\/v2\/posts\/22998\/revisions\/23000"}],"wp:featuredmedia":[{"embeddable":true,"href":"https:\/\/www.mk-journal.de\/index.php\/wp-json\/wp\/v2\/media\/22999"}],"wp:attachment":[{"href":"https:\/\/www.mk-journal.de\/index.php\/wp-json\/wp\/v2\/media?parent=22998"}],"wp:term":[{"taxonomy":"category","embeddable":true,"href":"https:\/\/www.mk-journal.de\/index.php\/wp-json\/wp\/v2\/categories?post=22998"},{"taxonomy":"post_tag","embeddable":true,"href":"https:\/\/www.mk-journal.de\/index.php\/wp-json\/wp\/v2\/tags?post=22998"}],"curies":[{"name":"wp","href":"https:\/\/api.w.org\/{rel}","templated":true}]}}