{"id":23041,"date":"2025-11-28T12:29:16","date_gmt":"2025-11-28T10:29:16","guid":{"rendered":"https:\/\/www.mk-journal.de\/?p=23041"},"modified":"2025-11-28T12:29:16","modified_gmt":"2025-11-28T10:29:16","slug":"das-schoenste-weihnachtsgeschenk","status":"publish","type":"post","link":"https:\/\/www.mk-journal.de\/index.php\/2025\/11\/28\/das-schoenste-weihnachtsgeschenk\/","title":{"rendered":"\u201eDas sch\u00f6nste Weihnachtsgeschenk\u201c:"},"content":{"rendered":"<h4>SIHK-Pr\u00e4sident Stoffels setzt auf Br\u00fccken\u00f6ffnung im Dezember<\/h4>\n<p>(EB). Am Rande der DIHK-Vollversammlung in Berlin hatte Ralf Stoffels, Pr\u00e4sident der S\u00fcdwestf\u00e4lischen Industrie- und Handelskammer zu Hagen (SIHK), die Gelegenheit, Bundesverkehrsminister Patrick Schnieder f\u00fcr den Einsatz bei der Rahmedetalbr\u00fccke zu danken und zu \u00fcbermitteln, wie wichtig die heute diskutierte fr\u00fchzeitige Wiederer\u00f6ffnung der Br\u00fccke bereits im Dezember f\u00fcr die regionale Wirtschaft sein w\u00fcrde.<\/p>\n<p><strong>&#8222;Jeder Tag z\u00e4hlt&#8220;<\/strong><\/p>\n<p>\u201eDas w\u00e4re das sch\u00f6nste Weihnachtsgeschenk, das die Region bekommen k\u00f6nnte!&#8220;, hatte Stoffels mit Blick auf die aktuellen Meldungen zur m\u00f6glichen fr\u00fchzeitigen Wiederer\u00f6ffnung der Rahmedetalbr\u00fccke am Rande der DIHK-Vollversammlung in Berlin verlautbaren lassen. \u201eJeder Tag z\u00e4hlt! Das haben wir von Anfang an aus Sicht der regionalen Wirtschaft deutlich gemacht. Die B\u00fcndelung aller Kr\u00e4fte zeigt nun, was m\u00f6glich ist, wenn man nur will. Diesen Willen werden wir seitens der Politik viel h\u00e4ufiger und konsequenter in Zukunft brauchen, damit die regionale Wirtschaft wieder Zuversicht sch\u00f6pfen kann und auch wieder in Schwung kommt. Die Entwicklungen zeigen zugleich, welches Potenzial in konsequent priorisierten Bauabl\u00e4ufen und klaren Prozessen steckt. Das erreichte Tempo darf kein Sonderfall bleiben \u2013 es sollte zum Standard bei der Sanierung der maroden Infrastruktur werden\u201c, sagt Stoffels abschlie\u00dfend.<\/p>\n","protected":false},"excerpt":{"rendered":"<p>SIHK-Pr\u00e4sident Stoffels setzt auf Br\u00fccken\u00f6ffnung im Dezember (EB). Am Rande  [&#8230;]<\/p>\n","protected":false},"author":3,"featured_media":23042,"comment_status":"closed","ping_status":"closed","sticky":false,"template":"","format":"standard","meta":{"two_page_speed":[],"footnotes":""},"categories":[18],"tags":[],"class_list":["post-23041","post","type-post","status-publish","format-standard","has-post-thumbnail","hentry","category-witschaft"],"_links":{"self":[{"href":"https:\/\/www.mk-journal.de\/index.php\/wp-json\/wp\/v2\/posts\/23041","targetHints":{"allow":["GET"]}}],"collection":[{"href":"https:\/\/www.mk-journal.de\/index.php\/wp-json\/wp\/v2\/posts"}],"about":[{"href":"https:\/\/www.mk-journal.de\/index.php\/wp-json\/wp\/v2\/types\/post"}],"author":[{"embeddable":true,"href":"https:\/\/www.mk-journal.de\/index.php\/wp-json\/wp\/v2\/users\/3"}],"replies":[{"embeddable":true,"href":"https:\/\/www.mk-journal.de\/index.php\/wp-json\/wp\/v2\/comments?post=23041"}],"version-history":[{"count":1,"href":"https:\/\/www.mk-journal.de\/index.php\/wp-json\/wp\/v2\/posts\/23041\/revisions"}],"predecessor-version":[{"id":23043,"href":"https:\/\/www.mk-journal.de\/index.php\/wp-json\/wp\/v2\/posts\/23041\/revisions\/23043"}],"wp:featuredmedia":[{"embeddable":true,"href":"https:\/\/www.mk-journal.de\/index.php\/wp-json\/wp\/v2\/media\/23042"}],"wp:attachment":[{"href":"https:\/\/www.mk-journal.de\/index.php\/wp-json\/wp\/v2\/media?parent=23041"}],"wp:term":[{"taxonomy":"category","embeddable":true,"href":"https:\/\/www.mk-journal.de\/index.php\/wp-json\/wp\/v2\/categories?post=23041"},{"taxonomy":"post_tag","embeddable":true,"href":"https:\/\/www.mk-journal.de\/index.php\/wp-json\/wp\/v2\/tags?post=23041"}],"curies":[{"name":"wp","href":"https:\/\/api.w.org\/{rel}","templated":true}]}}