{"id":23056,"date":"2025-11-29T10:52:24","date_gmt":"2025-11-29T08:52:24","guid":{"rendered":"https:\/\/www.mk-journal.de\/?p=23056"},"modified":"2025-11-29T10:52:24","modified_gmt":"2025-11-29T08:52:24","slug":"arbeitslosigkeit-leicht-gesunken","status":"publish","type":"post","link":"https:\/\/www.mk-journal.de\/index.php\/2025\/11\/29\/arbeitslosigkeit-leicht-gesunken\/","title":{"rendered":"Arbeitslosigkeit leicht gesunken"},"content":{"rendered":"<p>(EB). Die Arbeitslosigkeit ist im M\u00e4rkischen Kreis im November gesunken. 18.239 Menschen waren arbeitslos gemeldet, 175 Personen weniger (-1 Prozent) als im Oktober, aber 489 Personen mehr (2,8 Prozent) als vor einem Jahr. Die Arbeitslosenquote betrug 8,1 Prozent und lag mit 0,1 Prozentpunkten unter dem Vormonatsniveau. Vor einem Jahr lag sie bei 7,9 Prozent. Bei der Agentur f\u00fcr Arbeit (Rechtskreis SGB III) lag die Arbeitslosigkeit bei 5.880 Personen (86 Personen weniger als im Vormonat, aber 295 Personen mehr als vor einem Jahr).<\/p>\n<p><strong>Konjunktur bleibt schwach<\/strong><\/p>\n<p>\u201eDie Herausforderungen f\u00fcr die Betriebe im M\u00e4rkischen Kreis bleiben gro\u00df. Die Konjunktur bleibt schwach und hinterl\u00e4sst weiterhin sp\u00fcrbare Spuren auf dem Arbeitsmarkt. Insgesamt tritt der Arbeitsmarkt derzeit auf der Stelle, gr\u00f6\u00dfere Ver\u00e4nderungen sind nicht zu verzeichnen. Positiv ist jedoch, dass die Arbeitslosigkeit nicht weiter ansteigt \u2013 im Gegenteil: Der Bestand an Arbeitslosen ist bei den meisten Personengruppen gegen\u00fcber dem Vormonat leicht zur\u00fcckgegangen\u201c, erkl\u00e4rt Stefan Steink\u00fchler, Gesch\u00e4ftsf\u00fchrer operativ der Agentur f\u00fcr Arbeit Iserlohn. \u201eIn den kommenden Wintermonaten ist jedoch saisonbedingt mit steigender Arbeitslosigkeit zu rechnen,\u201c prognostiziert Steink\u00fchler weiter.<\/p>\n<p><strong>Jobcenter meldet 12.359 Arbeitslose<\/strong><\/p>\n<p>Im Jobcenter M\u00e4rkischer Kreis (Rechtskreis SGB II) waren 12.359 Arbeitslose registriert. Das sind 89 Personen weniger als im Vormonat. \u201eNachdem in den letzten beiden Jahren die Anzahl der Bedarfsgemeinschaften im Jobcenter M\u00e4rkischer Kreis stetig gestiegen ist, zeigt sich nun erstmalig wieder ein R\u00fcckgang um 406 (entspricht -2,3 Prozent) auf insgesamt 17.155 Bedarfsgemeinschaften. Das ist eine positive Entwicklung im Vergleich zum Vorjahresmonat.\u201c erl\u00e4utert Anna Markmann, Gesch\u00e4ftsf\u00fchrerin des Jobcenters MK. Durch die Jobcenter wurden 67,8 Prozent aller Arbeitslosen betreut. \u201eInsbesondere gefl\u00fcchteten Menschen gelingt zunehmend der \u00dcbergang in den Arbeitsmarkt und der Schritt aus der Grundsicherung\u201c, berichtet Anna Markmann. 23.398 Personen bezogen B\u00fcrgergeld, das waren 584 Personen weniger (-2,4 Prozent) als vor einem Jahr.<\/p>\n<p><strong>523 freie Stellen gemeldet<\/strong><\/p>\n<p>Unternehmen aus der Region haben in diesem Monat 523 sozialversicherungspflichtige Stellen gemeldet. (76 weniger als im Vormonat und 97 weniger als vor einem Jahr). Im Bestand befanden sich damit 3.630 offene Stellen, 130 weniger als im Vormonat und 401 weniger als im Vorjahresmonat.<\/p>\n","protected":false},"excerpt":{"rendered":"<p>(EB). Die Arbeitslosigkeit ist im M\u00e4rkischen Kreis im November gesunken.  [&#8230;]<\/p>\n","protected":false},"author":3,"featured_media":23057,"comment_status":"closed","ping_status":"closed","sticky":false,"template":"","format":"standard","meta":{"two_page_speed":[],"footnotes":""},"categories":[18],"tags":[],"class_list":["post-23056","post","type-post","status-publish","format-standard","has-post-thumbnail","hentry","category-witschaft"],"_links":{"self":[{"href":"https:\/\/www.mk-journal.de\/index.php\/wp-json\/wp\/v2\/posts\/23056","targetHints":{"allow":["GET"]}}],"collection":[{"href":"https:\/\/www.mk-journal.de\/index.php\/wp-json\/wp\/v2\/posts"}],"about":[{"href":"https:\/\/www.mk-journal.de\/index.php\/wp-json\/wp\/v2\/types\/post"}],"author":[{"embeddable":true,"href":"https:\/\/www.mk-journal.de\/index.php\/wp-json\/wp\/v2\/users\/3"}],"replies":[{"embeddable":true,"href":"https:\/\/www.mk-journal.de\/index.php\/wp-json\/wp\/v2\/comments?post=23056"}],"version-history":[{"count":1,"href":"https:\/\/www.mk-journal.de\/index.php\/wp-json\/wp\/v2\/posts\/23056\/revisions"}],"predecessor-version":[{"id":23058,"href":"https:\/\/www.mk-journal.de\/index.php\/wp-json\/wp\/v2\/posts\/23056\/revisions\/23058"}],"wp:featuredmedia":[{"embeddable":true,"href":"https:\/\/www.mk-journal.de\/index.php\/wp-json\/wp\/v2\/media\/23057"}],"wp:attachment":[{"href":"https:\/\/www.mk-journal.de\/index.php\/wp-json\/wp\/v2\/media?parent=23056"}],"wp:term":[{"taxonomy":"category","embeddable":true,"href":"https:\/\/www.mk-journal.de\/index.php\/wp-json\/wp\/v2\/categories?post=23056"},{"taxonomy":"post_tag","embeddable":true,"href":"https:\/\/www.mk-journal.de\/index.php\/wp-json\/wp\/v2\/tags?post=23056"}],"curies":[{"name":"wp","href":"https:\/\/api.w.org\/{rel}","templated":true}]}}