{"id":23129,"date":"2025-12-02T13:04:21","date_gmt":"2025-12-02T11:04:21","guid":{"rendered":"https:\/\/www.mk-journal.de\/?p=23129"},"modified":"2025-12-02T13:04:21","modified_gmt":"2025-12-02T11:04:21","slug":"stadt-hemer-sucht-analogkameras","status":"publish","type":"post","link":"https:\/\/www.mk-journal.de\/index.php\/2025\/12\/02\/stadt-hemer-sucht-analogkameras\/","title":{"rendered":"Stadt Hemer sucht Analogkameras"},"content":{"rendered":"<h4><strong>Pr\u00e4ventionsprojekt der Kinder- und Jugendf\u00f6rderung f\u00fcr mehr Toleranz und demokratische Werte<\/strong><\/h4>\n<p>(PSH). Unter dem Titel &#8222;Hemer zeigt, was verbindet \u2013 gegen Hass und Ausgrenzung&#8220; plant die Kinder- und Jugendf\u00f6rderung der Stadt Hemer f\u00fcr das kommende Jahr ein umfassendes Pr\u00e4ventionsprojekt gegen Rechtsextremismus. Die Initiative richtet sich an Sch\u00fclerinnen und Sch\u00fcler ab der neunten Jahrgangsstufe und wird durch den Landschaftsverband Westfalen-Lippe (LWL) unterst\u00fctzt. Das Vorhaben gliedert sich in zwei miteinander verzahnte Bausteine.<\/p>\n<p><strong>Fotoprojekt<\/strong><\/p>\n<p>Im ersten Abschnitt steht ein Fotoprojekt im Mittelpunkt. Jugendliche erhalten daf\u00fcr Analogkameras und halten Motive fest, die f\u00fcr sie Vielfalt, Toleranz und Respekt symbolisieren. Der bewusste Einsatz analoger Technik dient dazu, die Zahl der Aufnahmen zu begrenzen und die Auseinandersetzung mit der Bildgestaltung zu f\u00f6rdern. &#8222;Die Jugendlichen sollen dazu angeregt werden, sich intensiv mit ihren Motiven auseinanderzusetzen und nicht wahllos zu fotografieren. Abgesehen von der Anzahl der Bilder sind der Kreativit\u00e4t jedoch keine Grenzen gesetzt&#8220;, erl\u00e4utert Luisa K\u00f6ck aus der Kinder- und Jugendf\u00f6rderung das Konzept. Die entstandenen Aufnahmen werden sp\u00e4ter zu Collagen zusammengestellt.<\/p>\n<p><strong>Sachspenden erbeten<\/strong><\/p>\n<p>Damit das Vorhaben erfolgreich umgesetzt werden kann, ist die Kinder- und Jugendf\u00f6rderung auf Sachspenden angewiesen \u2013 gesucht werden funktionsf\u00e4hige, \u00e4ltere Analogkameras. Abgegeben werden k\u00f6nnen diese im Jugend- und Kulturzentrum, Parkstra\u00dfe 3 in Hemer. \u00a0F\u00fcr R\u00fcckfragen steht Luisa K\u00f6ck zur Verf\u00fcgung (<a href=\"mailto:l.koeck@hemer.de\">l.koeck@hemer.de<\/a>, Tel. 0171\/1759368).<\/p>\n<p><strong>Fachtag<\/strong><\/p>\n<p>Der zweite Abschnitt m\u00fcndet in einen Fachtag unter dem Titel &#8222;Erlebniswelt Rechtsextremismus&#8220;. Die erarbeiteten Collagen werden dort pr\u00e4sentiert. Erg\u00e4nzend informiert ein ehemaliger Rechtsextremist in einem Vortrag \u00fcber Strukturen, Ideologien, Strategien sowie Bedeutungen von Symbolik und Musik innerhalb der Szene. Neben der Wissensvermittlung erhalten die Jugendlichen ausreichend Raum f\u00fcr Fragen und Diskussion. Der Fachtag soll zur kritischen Reflexion anregen und den Austausch untereinander f\u00f6rdern. Die Veranstaltung ist f\u00fcr den Zeitraum kurz vor den Sommerferien vorgesehen. Der genaue Termin wird zu einem sp\u00e4teren Zeitpunkt ver\u00f6ffentlicht.<\/p>\n<p>&nbsp;<\/p>\n<p>&nbsp;<\/p>\n","protected":false},"excerpt":{"rendered":"<p>Pr\u00e4ventionsprojekt der Kinder- und Jugendf\u00f6rderung f\u00fcr mehr Toleranz und demokratische  [&#8230;]<\/p>\n","protected":false},"author":3,"featured_media":23130,"comment_status":"closed","ping_status":"closed","sticky":false,"template":"","format":"standard","meta":{"two_page_speed":[],"footnotes":""},"categories":[10],"tags":[],"class_list":["post-23129","post","type-post","status-publish","format-standard","has-post-thumbnail","hentry","category-staedte-und-gemeinden"],"_links":{"self":[{"href":"https:\/\/www.mk-journal.de\/index.php\/wp-json\/wp\/v2\/posts\/23129","targetHints":{"allow":["GET"]}}],"collection":[{"href":"https:\/\/www.mk-journal.de\/index.php\/wp-json\/wp\/v2\/posts"}],"about":[{"href":"https:\/\/www.mk-journal.de\/index.php\/wp-json\/wp\/v2\/types\/post"}],"author":[{"embeddable":true,"href":"https:\/\/www.mk-journal.de\/index.php\/wp-json\/wp\/v2\/users\/3"}],"replies":[{"embeddable":true,"href":"https:\/\/www.mk-journal.de\/index.php\/wp-json\/wp\/v2\/comments?post=23129"}],"version-history":[{"count":1,"href":"https:\/\/www.mk-journal.de\/index.php\/wp-json\/wp\/v2\/posts\/23129\/revisions"}],"predecessor-version":[{"id":23131,"href":"https:\/\/www.mk-journal.de\/index.php\/wp-json\/wp\/v2\/posts\/23129\/revisions\/23131"}],"wp:featuredmedia":[{"embeddable":true,"href":"https:\/\/www.mk-journal.de\/index.php\/wp-json\/wp\/v2\/media\/23130"}],"wp:attachment":[{"href":"https:\/\/www.mk-journal.de\/index.php\/wp-json\/wp\/v2\/media?parent=23129"}],"wp:term":[{"taxonomy":"category","embeddable":true,"href":"https:\/\/www.mk-journal.de\/index.php\/wp-json\/wp\/v2\/categories?post=23129"},{"taxonomy":"post_tag","embeddable":true,"href":"https:\/\/www.mk-journal.de\/index.php\/wp-json\/wp\/v2\/tags?post=23129"}],"curies":[{"name":"wp","href":"https:\/\/api.w.org\/{rel}","templated":true}]}}