{"id":23143,"date":"2025-12-03T11:24:09","date_gmt":"2025-12-03T09:24:09","guid":{"rendered":"https:\/\/www.mk-journal.de\/?p=23143"},"modified":"2025-12-03T11:24:09","modified_gmt":"2025-12-03T09:24:09","slug":"baum-fuer-den-babywald-in-hemer-reservieren","status":"publish","type":"post","link":"https:\/\/www.mk-journal.de\/index.php\/2025\/12\/03\/baum-fuer-den-babywald-in-hemer-reservieren\/","title":{"rendered":"Baum f\u00fcr den Babywald in Hemer reservieren!"},"content":{"rendered":"<h4>Pflanztag am Sonntag, 22. M\u00e4rz 2026, ab 10 Uhr am Sauerlandpark<\/h4>\n<p>(PSH). Die Stadt Hemer und die Jugendfeuerwehr laden Familien erneut zur beliebten Babywald-Aktion ein \u2013 einem Projekt, das seit Jahrzehnten Tradition hat und nun in neuer Form weitergef\u00fchrt wird. B\u00fcrgermeister Christian Schweitzer betont die besondere Bedeutung des Babywaldes: &#8222;Jeder Baum steht nicht nur f\u00fcr ein neues Leben, sondern auch f\u00fcr unsere gemeinsame Verantwortung gegen\u00fcber der Umwelt. Ich danke der Jugendfeuerwehr herzlich, dass sie dieses wertvolle Format weiter m\u00f6glich macht.&#8220;<\/p>\n<p><strong>Geburtsdatum ab 01. Januar 2022<\/strong><\/p>\n<p>Gepflanzt wird im Fr\u00fchjahr auf einer Fl\u00e4che des ehemaligen Standort\u00fcbungsgel\u00e4ndes am Sauerlandpark (in der N\u00e4he des J\u00fcbergturmes). Ein Baum kann f\u00fcr alle Kinder mit einem Geburtsdatum ab dem 01.01.2022 reserviert werden. Der gemeinsame Pflanztag findet am Sonntag, 22. M\u00e4rz 2026, ab 10 Uhr statt und bietet Familien die Gelegenheit, ein pers\u00f6nliches Zeichen f\u00fcr Nachhaltigkeit und Zukunft zu setzen.<\/p>\n<p><strong>Online Reservierung<\/strong><\/p>\n<p>Ab sofort k\u00f6nnen B\u00e4ume bequem online reserviert werden: \u00a0<a href=\"http:\/\/www.hemer.de\/babywald-reservierung\">http:\/\/www.hemer.de\/babywald-reservierung.\u00a0<\/a>\u00dcber das Formular erfolgt die Bestellung des jeweiligen Baumes. F\u00fcr die Pflanzung bringen alle Teilnehmenden ihr eigenes Werkzeug mit. F\u00fcr das leibliche Wohl sorgt die Jugendfeuerwehr Hemer am Pflanztag. Weitere Details zum Ablauf werden Stadt und Jugendfeuerwehr zu einem sp\u00e4teren Zeitpunkt bekannt geben. M\u00f6gliche R\u00fcckfragen an die E-Mail-Adresse <a href=\"mailto:babywald@hemer.de\">babywald@hemer.de<\/a>.<\/p>\n<p>&nbsp;<\/p>\n","protected":false},"excerpt":{"rendered":"<p>Pflanztag am Sonntag, 22. M\u00e4rz 2026, ab 10 Uhr am  [&#8230;]<\/p>\n","protected":false},"author":3,"featured_media":23144,"comment_status":"closed","ping_status":"closed","sticky":false,"template":"","format":"standard","meta":{"two_page_speed":[],"footnotes":""},"categories":[10],"tags":[],"class_list":["post-23143","post","type-post","status-publish","format-standard","has-post-thumbnail","hentry","category-staedte-und-gemeinden"],"_links":{"self":[{"href":"https:\/\/www.mk-journal.de\/index.php\/wp-json\/wp\/v2\/posts\/23143","targetHints":{"allow":["GET"]}}],"collection":[{"href":"https:\/\/www.mk-journal.de\/index.php\/wp-json\/wp\/v2\/posts"}],"about":[{"href":"https:\/\/www.mk-journal.de\/index.php\/wp-json\/wp\/v2\/types\/post"}],"author":[{"embeddable":true,"href":"https:\/\/www.mk-journal.de\/index.php\/wp-json\/wp\/v2\/users\/3"}],"replies":[{"embeddable":true,"href":"https:\/\/www.mk-journal.de\/index.php\/wp-json\/wp\/v2\/comments?post=23143"}],"version-history":[{"count":1,"href":"https:\/\/www.mk-journal.de\/index.php\/wp-json\/wp\/v2\/posts\/23143\/revisions"}],"predecessor-version":[{"id":23145,"href":"https:\/\/www.mk-journal.de\/index.php\/wp-json\/wp\/v2\/posts\/23143\/revisions\/23145"}],"wp:featuredmedia":[{"embeddable":true,"href":"https:\/\/www.mk-journal.de\/index.php\/wp-json\/wp\/v2\/media\/23144"}],"wp:attachment":[{"href":"https:\/\/www.mk-journal.de\/index.php\/wp-json\/wp\/v2\/media?parent=23143"}],"wp:term":[{"taxonomy":"category","embeddable":true,"href":"https:\/\/www.mk-journal.de\/index.php\/wp-json\/wp\/v2\/categories?post=23143"},{"taxonomy":"post_tag","embeddable":true,"href":"https:\/\/www.mk-journal.de\/index.php\/wp-json\/wp\/v2\/tags?post=23143"}],"curies":[{"name":"wp","href":"https:\/\/api.w.org\/{rel}","templated":true}]}}