{"id":23151,"date":"2025-12-03T11:52:13","date_gmt":"2025-12-03T09:52:13","guid":{"rendered":"https:\/\/www.mk-journal.de\/?p=23151"},"modified":"2025-12-03T11:52:13","modified_gmt":"2025-12-03T09:52:13","slug":"bandcamp-begeistert-erneut-junge-musiker","status":"publish","type":"post","link":"https:\/\/www.mk-journal.de\/index.php\/2025\/12\/03\/bandcamp-begeistert-erneut-junge-musiker\/","title":{"rendered":"Bandcamp begeistert erneut junge Musiker"},"content":{"rendered":"<p>(pmk). Einmal mit anderen Musikerinnen und Musikern als Band auf der B\u00fchne stehen: 35 jungen Musiktalenten zwischen 9 und 27 Jahren konnte das Bandcamp diesen Traum in der besonderen Kulisse des Klosters Ommerborn in Wipperf\u00fcrth erf\u00fcllen. Zum vierten Mal bot der L\u00fcdenscheider Verein KultSt\u00e4dte unterst\u00fctzt vom Fachdienst Kultur des M\u00e4rkischen Kreises und der L\u00fcdenscheider Musicstore Musikschule diese Art der Nachwuchsf\u00f6rderung an.<\/p>\n<p><strong>Bunt gemischte Truppe<\/strong><\/p>\n<p>Beim Bandcamp sammeln musizierende Kinder, Jugendliche oder junge Erwachsene ein Wochenende lang erste Band\u2010Erfahrungen und studieren gemeinsam Songs ein. \u201eWir hatten wieder eine bunt gemischte Truppe aus erfahrenen und unerfahrenen jungen K\u00fcnstlern dabei, aber das macht es gerade so spannend\u201c, erz\u00e4hlt Klaus Sonnabend, Coach und Vereinsvorsitzender von KultSt\u00e4dte e.V.<\/p>\n<p><strong>35 Musizierende in sechs Bands<\/strong><\/p>\n<p>Die 35 Musikerinnen und Musiker teilten sich in sechs Bands auf und studierten jeweils zwei bis drei Songs ein. Dabei wurde jede Band von einem erfahrenen Coach begleitet. Am Ende pr\u00e4sentierten die Bands ihre Ergebnisse live vor Familie und Freunden. Im Anschluss erhielten die Teilnehmerinnen und Teilnehmer noch ein professionelles Video von ihren Auftritten sowie Bilder des Wochenendes zur Erinnerung. \u201eInnerhalb der Bands haben die Teilnehmer die Songs kreativ umgesetzt und viel selbstst\u00e4ndig an Ideen eingebracht. F\u00fcr uns war es wichtig, den Musikern zu zeigen, welche Wege innerhalb der Bandprobe m\u00f6glich sind und wie man bestimmte Ziele erreichen kann\u201c, sagte Klaus Sonnabend.<\/p>\n<p><strong>Fortsetzung November 2026<\/strong><\/p>\n<p>Wegen der positiven Erfahrungen ist auch im kommenden Jahr wieder ein Bandcamp geplant. Es wird voraussichtlich vom 20. bis 22. November 2026 stattfinden. Weitere Informationen dazu gibt es unter <a href=\"http:\/\/www.kultstaedte.de\">www.kultstaedte.de<\/a>.<\/p>\n","protected":false},"excerpt":{"rendered":"<p>(pmk). Einmal mit anderen Musikerinnen und Musikern als Band auf  [&#8230;]<\/p>\n","protected":false},"author":3,"featured_media":23152,"comment_status":"closed","ping_status":"closed","sticky":false,"template":"","format":"standard","meta":{"two_page_speed":[],"footnotes":""},"categories":[6],"tags":[],"class_list":["post-23151","post","type-post","status-publish","format-standard","has-post-thumbnail","hentry","category-kultur"],"_links":{"self":[{"href":"https:\/\/www.mk-journal.de\/index.php\/wp-json\/wp\/v2\/posts\/23151","targetHints":{"allow":["GET"]}}],"collection":[{"href":"https:\/\/www.mk-journal.de\/index.php\/wp-json\/wp\/v2\/posts"}],"about":[{"href":"https:\/\/www.mk-journal.de\/index.php\/wp-json\/wp\/v2\/types\/post"}],"author":[{"embeddable":true,"href":"https:\/\/www.mk-journal.de\/index.php\/wp-json\/wp\/v2\/users\/3"}],"replies":[{"embeddable":true,"href":"https:\/\/www.mk-journal.de\/index.php\/wp-json\/wp\/v2\/comments?post=23151"}],"version-history":[{"count":1,"href":"https:\/\/www.mk-journal.de\/index.php\/wp-json\/wp\/v2\/posts\/23151\/revisions"}],"predecessor-version":[{"id":23153,"href":"https:\/\/www.mk-journal.de\/index.php\/wp-json\/wp\/v2\/posts\/23151\/revisions\/23153"}],"wp:featuredmedia":[{"embeddable":true,"href":"https:\/\/www.mk-journal.de\/index.php\/wp-json\/wp\/v2\/media\/23152"}],"wp:attachment":[{"href":"https:\/\/www.mk-journal.de\/index.php\/wp-json\/wp\/v2\/media?parent=23151"}],"wp:term":[{"taxonomy":"category","embeddable":true,"href":"https:\/\/www.mk-journal.de\/index.php\/wp-json\/wp\/v2\/categories?post=23151"},{"taxonomy":"post_tag","embeddable":true,"href":"https:\/\/www.mk-journal.de\/index.php\/wp-json\/wp\/v2\/tags?post=23151"}],"curies":[{"name":"wp","href":"https:\/\/api.w.org\/{rel}","templated":true}]}}