{"id":23177,"date":"2025-12-04T12:52:46","date_gmt":"2025-12-04T10:52:46","guid":{"rendered":"https:\/\/www.mk-journal.de\/?p=23177"},"modified":"2025-12-04T12:52:46","modified_gmt":"2025-12-04T10:52:46","slug":"iserlohn-soll-wieder-base-camp-werden","status":"publish","type":"post","link":"https:\/\/www.mk-journal.de\/index.php\/2025\/12\/04\/iserlohn-soll-wieder-base-camp-werden\/","title":{"rendered":"Iserlohn soll wieder Base Camp werden"},"content":{"rendered":"<h4><strong>SPD will Bewerbung f\u00fcr die Frauen-EM 2029<\/strong><\/h4>\n<p><strong>Von Hendrik Klein<\/strong><\/p>\n<p>Iserlohn soll wieder Base Camp und damit Standort f\u00fcr eine Fu\u00dfball-Nationalmannschaft werden. Das w\u00fcnscht sich zumindest die SPD-Fraktion im Rat der Stadt, hat einen entsprechenden Beschlussvorschlag f\u00fcr die n\u00e4chste Sitzung des Sportausschusses formuliert und an dessen Vorsitzenden Fabian Tigges (CDU) geschickt. Damit reagieren die Sozialdemokraten zeitnah auf die Mitteilung der UEFA, dass die Frauenfu\u00dfball-EM 2029 in Deutschland stattfindet. Sofort erinnerten sich viele Iserlohnerinnen und Iserlohner an die EURO 2024 der M\u00e4nner, als die Waldstadt zur Gastgeberin der Italienischen Nationalmannschaft wurde und es zahlreiche Begegnungen zwischen den B\u00fcrgerinnen und B\u00fcrgern sowie den Azzurri gegeben hat.<\/p>\n<p><strong>Impulse auch f\u00fcr den Breitensport<\/strong><\/p>\n<p>&#8222;Dass die Frauen-EM 2029 auch in unserer Nachbarstadt Dortmund stattfindet, ist eine gro\u00dfartige Nachricht f\u00fcr unsere fu\u00dfballbegeisterte Region und f\u00fcr den Sport vor Ort. Wir freuen uns auf ein Turnier, das nicht nur sportlich begeistert, sondern auch Impulse f\u00fcr den Breitensport setzt und gesellschaftlich wirkt &#8211; f\u00fcr mehr Sichtbarkeit, Teilhabe und Gleichstellung im Sport&#8220;, sagt die heimische SPD- Bundestagsabgeordnete Bettina Lugk.<\/p>\n<p><strong>\u201eHeimspiel f\u00fcr Iserlohn\u201c <\/strong><\/p>\n<p>Unter dem Titel \u201eHeimspiel f\u00fcr Iserlohn \u2013 Team Base Camp f\u00fcr die Frauen-EM 2029\u201c schreiben die Sozialdemokraten in ihrem Antrag: \u201eDamit entsteht eine besondere Chance f\u00fcr die St\u00e4dte und Regionen, die sich fr\u00fchzeitig positionieren wollen. Iserlohn bringt daf\u00fcr hervorragende Voraussetzungen mit.\u201c Die nun bevorstehende EM 2029 biete die M\u00f6glichkeit, diese St\u00e4rken erneut sichtbar zu machen und die Sportstadt Iserlohn international hervorzuheben. Dabei wirke ein Base Camp weit \u00fcber den Sport hinaus. Es st\u00e4rke den Frauenfu\u00dfball, schaffe Begegnungen f\u00fcr Schulen, Vereine und die Stadtgesellschaft und nutze bestehende Infrastruktur nachhaltig. Mit einer aktiven, gut abgestimmten Bewerbung k\u00f6nne Iserlohn sich fr\u00fch und \u00fcberzeugend im Verfahren positionieren.<\/p>\n<p><strong>Der Beschlussvorschlag im Wortlaut:<\/strong><\/p>\n<p>Die Verwaltung wird beauftragt,<\/p>\n<ol>\n<li>gegen\u00fcber dem Deutschen Fu\u00dfball-Bund und der UEFA fristgerecht das Interesse Iserlohns zu bekunden, als Team Base Camp f\u00fcr die Fu\u00dfball-Europameisterschaft der Frauen 2029 ber\u00fccksichtigt zu werden;<\/li>\n<li>Gespr\u00e4che mit den relevanten lokalen Partnern aufzunehmen, insbesondere mit dem Sportb\u00fcro, den Iserlohner Fu\u00dfballvereinen, den Beherbergungsbetrieben und weiteren beteiligten Akteurinnen und Akteuren;<\/li>\n<li>eine Kommunikationslinie zu erarbeiten, die sowohl die Sichtbarkeit des Frauenfu\u00dfballs als auch das Profil Iserlohns als Sportstadt st\u00e4rkt und M\u00f6glichkeiten der Beteiligung f\u00fcr Vereine, Schulen sowie die Stadtgesellschaft aufzeigt;<\/li>\n<li>dem Sportausschuss regelm\u00e4\u00dfig zu berichten \u2013 erstmals im 2. Quartal 2026 und anschlie\u00dfend halbj\u00e4hrlich \u2013 \u00fcber den Stand der Gespr\u00e4che, die Anforderungen der Verb\u00e4nde und die weiteren Schritte.<\/li>\n<\/ol>\n","protected":false},"excerpt":{"rendered":"<p>SPD will Bewerbung f\u00fcr die Frauen-EM 2029 Von Hendrik Klein  [&#8230;]<\/p>\n","protected":false},"author":3,"featured_media":23178,"comment_status":"closed","ping_status":"closed","sticky":false,"template":"","format":"standard","meta":{"two_page_speed":[],"footnotes":""},"categories":[4,10],"tags":[],"class_list":["post-23177","post","type-post","status-publish","format-standard","has-post-thumbnail","hentry","category-sport","category-staedte-und-gemeinden"],"_links":{"self":[{"href":"https:\/\/www.mk-journal.de\/index.php\/wp-json\/wp\/v2\/posts\/23177","targetHints":{"allow":["GET"]}}],"collection":[{"href":"https:\/\/www.mk-journal.de\/index.php\/wp-json\/wp\/v2\/posts"}],"about":[{"href":"https:\/\/www.mk-journal.de\/index.php\/wp-json\/wp\/v2\/types\/post"}],"author":[{"embeddable":true,"href":"https:\/\/www.mk-journal.de\/index.php\/wp-json\/wp\/v2\/users\/3"}],"replies":[{"embeddable":true,"href":"https:\/\/www.mk-journal.de\/index.php\/wp-json\/wp\/v2\/comments?post=23177"}],"version-history":[{"count":1,"href":"https:\/\/www.mk-journal.de\/index.php\/wp-json\/wp\/v2\/posts\/23177\/revisions"}],"predecessor-version":[{"id":23179,"href":"https:\/\/www.mk-journal.de\/index.php\/wp-json\/wp\/v2\/posts\/23177\/revisions\/23179"}],"wp:featuredmedia":[{"embeddable":true,"href":"https:\/\/www.mk-journal.de\/index.php\/wp-json\/wp\/v2\/media\/23178"}],"wp:attachment":[{"href":"https:\/\/www.mk-journal.de\/index.php\/wp-json\/wp\/v2\/media?parent=23177"}],"wp:term":[{"taxonomy":"category","embeddable":true,"href":"https:\/\/www.mk-journal.de\/index.php\/wp-json\/wp\/v2\/categories?post=23177"},{"taxonomy":"post_tag","embeddable":true,"href":"https:\/\/www.mk-journal.de\/index.php\/wp-json\/wp\/v2\/tags?post=23177"}],"curies":[{"name":"wp","href":"https:\/\/api.w.org\/{rel}","templated":true}]}}