{"id":23182,"date":"2025-12-04T13:11:42","date_gmt":"2025-12-04T11:11:42","guid":{"rendered":"https:\/\/www.mk-journal.de\/?p=23182"},"modified":"2025-12-04T13:11:42","modified_gmt":"2025-12-04T11:11:42","slug":"zeugensuche-nach-lkw-diebstahl","status":"publish","type":"post","link":"https:\/\/www.mk-journal.de\/index.php\/2025\/12\/04\/zeugensuche-nach-lkw-diebstahl\/","title":{"rendered":"Zeugensuche nach LKW-Diebstahl"},"content":{"rendered":"<p>(ots). Im Tatzeitraum von Freitag, 28. November, 17 Uhr, bis Montag, 01. Dezember, 09 Uhr, wurde vom Gel\u00e4nde eines H\u00e4ndlers f\u00fcr gebrauchte Nutzfahrzeuge an der Werdohler Landstra\u00dfe in L\u00fcdenscheid ein Lkw vom Typ &#8222;Mercedes-Benz Actros 2544&#8220; in wei\u00df entwendet. Der Lkw ist ein ehemaliges Fahrzeug eines \u00f6rtlichen Entsorgungsbetriebs. Der so genannte &#8222;Abrollkipper&#8220; ist mit entsprechender Beklebung versehen und verf\u00fcgt \u00fcber eine Ladefl\u00e4che zur Aufnahme von Abfall-Containern. Kennzeichen befanden sich nicht am Fahrzeug. Ob falsche oder ggf. entwendete Kennzeichen angebracht wurden, ist nicht bekannt.<\/p>\n<p>Die Polizei bitte um Mithilfe: Wem ist im genannten Zeitraum etwas Verd\u00e4chtiges oder gar der entwendete Lkw im Stra\u00dfenverkehr aufgefallen? Hinweise nimmt die Polizeiwache in L\u00fcdenscheid unter der Nummer 02351-9099-0 entgegen.<\/p>\n","protected":false},"excerpt":{"rendered":"<p>(ots). Im Tatzeitraum von Freitag, 28. November, 17 Uhr, bis  [&#8230;]<\/p>\n","protected":false},"author":3,"featured_media":23183,"comment_status":"closed","ping_status":"closed","sticky":false,"template":"","format":"standard","meta":{"two_page_speed":[],"footnotes":""},"categories":[3],"tags":[],"class_list":["post-23182","post","type-post","status-publish","format-standard","has-post-thumbnail","hentry","category-polizeimeldungen"],"_links":{"self":[{"href":"https:\/\/www.mk-journal.de\/index.php\/wp-json\/wp\/v2\/posts\/23182","targetHints":{"allow":["GET"]}}],"collection":[{"href":"https:\/\/www.mk-journal.de\/index.php\/wp-json\/wp\/v2\/posts"}],"about":[{"href":"https:\/\/www.mk-journal.de\/index.php\/wp-json\/wp\/v2\/types\/post"}],"author":[{"embeddable":true,"href":"https:\/\/www.mk-journal.de\/index.php\/wp-json\/wp\/v2\/users\/3"}],"replies":[{"embeddable":true,"href":"https:\/\/www.mk-journal.de\/index.php\/wp-json\/wp\/v2\/comments?post=23182"}],"version-history":[{"count":1,"href":"https:\/\/www.mk-journal.de\/index.php\/wp-json\/wp\/v2\/posts\/23182\/revisions"}],"predecessor-version":[{"id":23184,"href":"https:\/\/www.mk-journal.de\/index.php\/wp-json\/wp\/v2\/posts\/23182\/revisions\/23184"}],"wp:featuredmedia":[{"embeddable":true,"href":"https:\/\/www.mk-journal.de\/index.php\/wp-json\/wp\/v2\/media\/23183"}],"wp:attachment":[{"href":"https:\/\/www.mk-journal.de\/index.php\/wp-json\/wp\/v2\/media?parent=23182"}],"wp:term":[{"taxonomy":"category","embeddable":true,"href":"https:\/\/www.mk-journal.de\/index.php\/wp-json\/wp\/v2\/categories?post=23182"},{"taxonomy":"post_tag","embeddable":true,"href":"https:\/\/www.mk-journal.de\/index.php\/wp-json\/wp\/v2\/tags?post=23182"}],"curies":[{"name":"wp","href":"https:\/\/api.w.org\/{rel}","templated":true}]}}