{"id":23187,"date":"2025-12-04T13:22:22","date_gmt":"2025-12-04T11:22:22","guid":{"rendered":"https:\/\/www.mk-journal.de\/?p=23187"},"modified":"2025-12-04T13:22:22","modified_gmt":"2025-12-04T11:22:22","slug":"weniger-knall-mehr-mitgefuehl","status":"publish","type":"post","link":"https:\/\/www.mk-journal.de\/index.php\/2025\/12\/04\/weniger-knall-mehr-mitgefuehl\/","title":{"rendered":"\u201eWeniger Knall. Mehr Mitgef\u00fchl.\u201c"},"content":{"rendered":"<h4>Plakat-Aktion der Stadt Iserlohn wirbt f\u00fcr einen Jahreswechsel ohne B\u00f6ller<\/h4>\n<p>(PSI). Es ist bunt, zaubert ein wildes Glitzern an den Nachthimmel, steht f\u00fcr gute Laune und Spa\u00df. Gleichzeitig bedeutet ein Silvesterfeuerwerk L\u00e4rm, Verletzungen, Feinstaub und jede Menge M\u00fcll. Dass sich der Jahreswechsel aber auch prima ohne \u201eB\u00f6ller\u201c verleben l\u00e4sst \u2013 ruhiger, nachhaltiger und sicherer eben \u2013, daf\u00fcr wirbt die Stadt Iserlohn jetzt mit ihrer neuen Plakataktion. Diese beruht auf einem Beschluss des Ausschusses f\u00fcr B\u00fcrgeranregungen und Beschwerden und wurde bereits in den vergangenen Jahren durchgef\u00fchrt. Auf Initiative von Daniela Bischof-Kreutzer, Ideen- und Beschwerdemanagement, ist nun gemeinsam mit dem Jugendschutz in Kooperation mit dem Berufskolleg des M\u00e4rkischen Kreises in Iserlohn eine kreative Neuauflage der Kampagne entstanden.<\/p>\n<p><strong>33 Plakatentw\u00fcrfe<\/strong><\/p>\n<p>Nach einer Einweisung im September haben 13 Sch\u00fclerinnen und Sch\u00fcler aus der Klasse zur Gestaltungstechnischen Assistenz mit dem Schwerpunkt Grafikdesign und Objektdesign unter der Leitung von Lehrer Niels von Pidoll insgesamt 33 Plakatentw\u00fcrfe erarbeitet. In f\u00fcnf Unterrichtseinheiten mit je vier Schulstunden entwickelten die 18- bis 21-J\u00e4hrigen nach sorgf\u00e4ltiger Recherche Ideen sowie darauf basierend die entsprechenden Konzepte und schlie\u00dflich die passenden Layouts. Einziger Pflichtbestandteil war das Logo der Waldstadt. \u201eWir sind immer froh \u00fcber solche Realauftr\u00e4ge\u201c, sagt der Fachlehrer, der die tollen Ergebnisse mit Praxisbezug gern der dreik\u00f6pfigen Jury pr\u00e4sentierte. Und dieser fiel die Entscheidung nicht ganz leicht, aus den Vorschl\u00e4gen die drei besten Plakatentw\u00fcrfe auszuw\u00e4hlen. In unterschiedlicher Art und Weise rufen die Plakate dazu auf, Silvester ohne Feuerwerk zu feiern und das Geld lieber f\u00fcr einen guten Zweck zu spenden. Sie betonen die Risiken von Pyrotechnik durch Brandgefahr und Verletzungen sowie die Belastung von Tieren und Umwelt.<\/p>\n<p><strong>Toby K\u00f6hl auf Platz eins<\/strong><\/p>\n<p>Den ersten Platz hat das Plakat von Toby K\u00f6hl erreicht. Es ist ein richtiger \u201eEyecatcher\u201c und zeigt gro\u00dfformatig ein tr\u00e4nendes Auge, in dessen Iris sich ein Feuerwerk spiegelt, mit der Aufschrift \u201eWeniger Knall. Mehr Mitgef\u00fchl\u201c. Auf Platz zwei hat es Nicole Steiger mit ihrem sehr eindrucksvollen Entwurf geschafft, der die R\u00f6ntgenbilder einer Hand mit unterschiedlich vielen Fingern zeigt, gepaart mit dem Text \u201e3, 2, 1\u2026 B\u00f6llern bis der Finger fehlt\u201c. Zum Nachdenken regt auch das Plakat auf dem dritten Platz von Milena Leschnik an. Auf dem Foto ist eine verm\u00fcllte Stra\u00dfe im tristen Nebelgrau abgebildet und mit dem Schriftzug versehen \u201eDas bleibt vom gro\u00dfen Knall. Das ist kein Neuanfang\u201c. Treffender k\u00f6nnte die Katerstimmung am Neujahrstag kaum formuliert sein.<\/p>\n<p><strong>Werbung mit dem Siegerplakat<\/strong><\/p>\n<p>Initiatorin Daniela Bischof-Kreutzer ist ganz begeistert von der kreativen Umsetzung des Themas durch die Jugendlichen: \u201eDie unterschiedlichen Herangehensweisen und vielf\u00e4ltigen Ideen haben mich \u00fcberrascht; auch f\u00fcr eine Fortsetzung der Kampagne im kommenden Jahr sind bereits geeignete Motive vorhanden.\u201c Aber zun\u00e4chst werden die sechs besten Entw\u00fcrfe als Collage auf einer 3 x 2 Meter gro\u00dfen Werbefl\u00e4che pr\u00e4sentiert. Ab Mitte Dezember folgen dann 50 DIN-A1-Plakatreiter der St\u00e4dtewerbung Schnelle im \u00f6ffentlichen Raum mit dem Siegerplakat.<\/p>\n<p><strong>Verantwortung \u00fcbernommen<\/strong><\/p>\n<p>\u201eEs ist immer etwas Besonderes, wenn die Sch\u00fclerinnen und Sch\u00fcler ihren Entwurf sehen, wenn er in der Stadt f\u00fcr alle sichtbar ist\u201c, wei\u00df J\u00f6rg Simon aus dem Bereich Jugendarbeit, der bereits seit vielen Jahren bei \u00e4hnlichen Aktionen mit dem Berufskolleg des M\u00e4rkischen Kreises zusammenarbeitet. \u201eDas zeigt, wie Jugendliche Verantwortung \u00fcbernehmen und kreative L\u00f6sungen f\u00fcr gesellschaftliche Herausforderungen entwickeln.\u201c<\/p>\n","protected":false},"excerpt":{"rendered":"<p>Plakat-Aktion der Stadt Iserlohn wirbt f\u00fcr einen Jahreswechsel ohne B\u00f6ller  [&#8230;]<\/p>\n","protected":false},"author":3,"featured_media":23188,"comment_status":"closed","ping_status":"closed","sticky":false,"template":"","format":"standard","meta":{"two_page_speed":[],"footnotes":""},"categories":[10],"tags":[],"class_list":["post-23187","post","type-post","status-publish","format-standard","has-post-thumbnail","hentry","category-staedte-und-gemeinden"],"_links":{"self":[{"href":"https:\/\/www.mk-journal.de\/index.php\/wp-json\/wp\/v2\/posts\/23187","targetHints":{"allow":["GET"]}}],"collection":[{"href":"https:\/\/www.mk-journal.de\/index.php\/wp-json\/wp\/v2\/posts"}],"about":[{"href":"https:\/\/www.mk-journal.de\/index.php\/wp-json\/wp\/v2\/types\/post"}],"author":[{"embeddable":true,"href":"https:\/\/www.mk-journal.de\/index.php\/wp-json\/wp\/v2\/users\/3"}],"replies":[{"embeddable":true,"href":"https:\/\/www.mk-journal.de\/index.php\/wp-json\/wp\/v2\/comments?post=23187"}],"version-history":[{"count":1,"href":"https:\/\/www.mk-journal.de\/index.php\/wp-json\/wp\/v2\/posts\/23187\/revisions"}],"predecessor-version":[{"id":23189,"href":"https:\/\/www.mk-journal.de\/index.php\/wp-json\/wp\/v2\/posts\/23187\/revisions\/23189"}],"wp:featuredmedia":[{"embeddable":true,"href":"https:\/\/www.mk-journal.de\/index.php\/wp-json\/wp\/v2\/media\/23188"}],"wp:attachment":[{"href":"https:\/\/www.mk-journal.de\/index.php\/wp-json\/wp\/v2\/media?parent=23187"}],"wp:term":[{"taxonomy":"category","embeddable":true,"href":"https:\/\/www.mk-journal.de\/index.php\/wp-json\/wp\/v2\/categories?post=23187"},{"taxonomy":"post_tag","embeddable":true,"href":"https:\/\/www.mk-journal.de\/index.php\/wp-json\/wp\/v2\/tags?post=23187"}],"curies":[{"name":"wp","href":"https:\/\/api.w.org\/{rel}","templated":true}]}}