{"id":23190,"date":"2025-12-05T11:27:47","date_gmt":"2025-12-05T09:27:47","guid":{"rendered":"https:\/\/www.mk-journal.de\/?p=23190"},"modified":"2025-12-05T11:27:47","modified_gmt":"2025-12-05T09:27:47","slug":"wahlen-des-landrats-und-des-kreistages-gueltig","status":"publish","type":"post","link":"https:\/\/www.mk-journal.de\/index.php\/2025\/12\/05\/wahlen-des-landrats-und-des-kreistages-gueltig\/","title":{"rendered":"Wahlen des Landrats und des Kreistages g\u00fcltig"},"content":{"rendered":"<p>(pmk). Nun ist es amtlich: Die Wahl des Landrates Ralf Schwarzkopf sowie der Mitglieder des Kreistags am 14. September 2025 ist g\u00fcltig. Der Wahlpr\u00fcfungsausschuss unter dem Vorsitz von Udo Kritschker (CDU) best\u00e4tigte jetzt die G\u00fcltigkeit einstimmig. Kreisdirektorin Barbara Dienstel-K\u00fcmper hatte vor dem Beschluss im Wahlpr\u00fcfungsausschuss berichtet, dass im Nachgang der Kommunalwahl keine Einspr\u00fcche gegen das Endergebnis eingegangen seien. Gesetzlich ist ein Einspruch innerhalb eines Monats nach Bekanntmachung des Wahlergebnisses und der Namen der gew\u00e4hlten Bewerber m\u00f6glich \u2013 und zu begr\u00fcnden. Bei der Kommunalwahl waren rund 318.000 Menschen im M\u00e4rkischen Kreis aufgerufen, ihre Stimme abzugeben. Die Wahlbeteiligung lag bei 51,83 Prozent (164.690 W\u00e4hlerinnen und W\u00e4hler) und damit h\u00f6her als 2020 (46,22 Prozent).<\/p>\n<p><strong>Kreistag w\u00e4chst auf 86 Sitze<\/strong><\/p>\n<p>Parallel zur Landratswahl \u2013 Ralf Schwarzkopf von der CDU ist seit dem 1. November neuer Landrat des M\u00e4rkischen Kreises (56,21 Prozent) \u2013 wurde auch der neue Kreistag des M\u00e4rkischen Kreises gew\u00e4hlt. Der Kreistag ist von 76 Sitzen in der zehnten Wahlperiode auf nun 86 Sitze gewachsen. Der Kreistag z\u00e4hlt damit so viele Abgeordnete wie nie zuvor. Die Sitzverteilung sieht wie folgt aus: CDU 32 Sitze, SPD 16 Sitze, AfD 15 Sitze, B\u00fcndnis 90\/Die Gr\u00fcnen 7 Sitze, Die Linke 5 Sitze, UWG MK 5 Sitze, FDP 4 Sitze und das BSW (B\u00fcndnis Sarah Wagenknecht) 1 Sitz. Dazu ein fraktionsloser Kreistagsabgeordneter.<\/p>\n","protected":false},"excerpt":{"rendered":"<p>(pmk). Nun ist es amtlich: Die Wahl des Landrates Ralf  [&#8230;]<\/p>\n","protected":false},"author":3,"featured_media":23191,"comment_status":"closed","ping_status":"closed","sticky":false,"template":"","format":"standard","meta":{"two_page_speed":[],"footnotes":""},"categories":[11],"tags":[],"class_list":["post-23190","post","type-post","status-publish","format-standard","has-post-thumbnail","hentry","category-maerkischer-kreis"],"_links":{"self":[{"href":"https:\/\/www.mk-journal.de\/index.php\/wp-json\/wp\/v2\/posts\/23190","targetHints":{"allow":["GET"]}}],"collection":[{"href":"https:\/\/www.mk-journal.de\/index.php\/wp-json\/wp\/v2\/posts"}],"about":[{"href":"https:\/\/www.mk-journal.de\/index.php\/wp-json\/wp\/v2\/types\/post"}],"author":[{"embeddable":true,"href":"https:\/\/www.mk-journal.de\/index.php\/wp-json\/wp\/v2\/users\/3"}],"replies":[{"embeddable":true,"href":"https:\/\/www.mk-journal.de\/index.php\/wp-json\/wp\/v2\/comments?post=23190"}],"version-history":[{"count":1,"href":"https:\/\/www.mk-journal.de\/index.php\/wp-json\/wp\/v2\/posts\/23190\/revisions"}],"predecessor-version":[{"id":23192,"href":"https:\/\/www.mk-journal.de\/index.php\/wp-json\/wp\/v2\/posts\/23190\/revisions\/23192"}],"wp:featuredmedia":[{"embeddable":true,"href":"https:\/\/www.mk-journal.de\/index.php\/wp-json\/wp\/v2\/media\/23191"}],"wp:attachment":[{"href":"https:\/\/www.mk-journal.de\/index.php\/wp-json\/wp\/v2\/media?parent=23190"}],"wp:term":[{"taxonomy":"category","embeddable":true,"href":"https:\/\/www.mk-journal.de\/index.php\/wp-json\/wp\/v2\/categories?post=23190"},{"taxonomy":"post_tag","embeddable":true,"href":"https:\/\/www.mk-journal.de\/index.php\/wp-json\/wp\/v2\/tags?post=23190"}],"curies":[{"name":"wp","href":"https:\/\/api.w.org\/{rel}","templated":true}]}}