{"id":23220,"date":"2025-12-06T10:56:28","date_gmt":"2025-12-06T08:56:28","guid":{"rendered":"https:\/\/www.mk-journal.de\/?p=23220"},"modified":"2025-12-06T10:56:28","modified_gmt":"2025-12-06T08:56:28","slug":"ausbildung-darf-nicht-an-sprachproblemen-scheitern","status":"publish","type":"post","link":"https:\/\/www.mk-journal.de\/index.php\/2025\/12\/06\/ausbildung-darf-nicht-an-sprachproblemen-scheitern\/","title":{"rendered":"\u201eAusbildung darf nicht an Sprachproblemen scheitern\u201c"},"content":{"rendered":"<h4><strong>Kooperation zwischen Arbeitgeberverband und Weiterbildungstr\u00e4ger<\/strong><\/h4>\n<p>(AWe). Der M\u00e4rkische Arbeitgeberverband (MAV) hat eine Kooperation mit den Euro-Schulen M\u00e4rkischer Kreis geschlossen. Die Bildungseinrichtung f\u00fchrt im Auftrag des Verbandes einen Deutschkurs f\u00fcr Auszubildende mit ausl\u00e4ndischen Wurzeln durch. Das Projekt ist ein Baustein im Kampf gegen den Fachkr\u00e4ftemangel. \u201eSchon heute sind Mitarbeiterinnen und Mitarbeiter mit ausl\u00e4ndischen Wurzeln ein immer wichtigeres Standbein f\u00fcr die heimische Metall- und Elektro-Industrie\u201c, wei\u00df Fabian Schmidt, stellvertretender Vorsitzender des MAV. Der demografische Wandel stehe in Deutschland erst am Anfang, so Schmidt: \u201eZuk\u00fcnftig werden wir diese Arbeitskr\u00e4fte dringend brauchen.\u201c Aus Erfahrung im eigenen Unternehmen wei\u00df er: \u201eSprache ist der entscheidende Schl\u00fcssel f\u00fcr eine nachhaltige Integration.\u201c<\/p>\n<p><strong>Deutschkurs kostenfrei<\/strong><\/p>\n<p>Es d\u00fcrfe keinesfalls passieren, dass eine Ausbildung an Sprachproblemen scheitert, betont MAV-Gesch\u00e4ftsf\u00fchrer \u00d6zg\u00fcr G\u00f6kce. Daher finanziert der Verband das aktuelle Projekt. Der Deutschkurs ist f\u00fcr Mitgliedsbetriebe kostenfrei. Nach dem Onboarding hat der Kurs nun im Dezember begonnen und begleitet so das aktuelle Ausbildungsjahr. Der Unterricht erfolgt \u00fcber die Lernplattform Moodle. Am Ende steht eine Teilnahmebescheinigung. Auf Wunsch k\u00f6nnen die Auszubildenden auch zu Zertifikatspr\u00fcfungen beraten werden.<\/p>\n<p><strong>Ein Dutzend Anmeldungen<\/strong><\/p>\n<p>Astrid Lenhard, Leiterin der Euro-Schulen M\u00e4rkischer Kreis, freut sich \u00fcber die Kooperation. \u201eWir verf\u00fcgen \u00fcber vielf\u00e4ltige Erfahrung mit Weiterbildungsprojekten, die wir auch hier gerne einbringen. Neben grundlegender Alltagskommunikation vermitteln wir in dem Kurs Fachsprache aus der Industrie.\u201c Ein Dutzend Teilnehmer haben sich bislang angemeldet. Nachz\u00fcgler k\u00f6nnen bis zum Jahreswechsel noch aufspringen. Am Ende wollen die Projektpartner die Erfahrungen aus dem Pilotprojekt auswerten. Fortsetzung nicht ausgeschlossen.<\/p>\n<p>&nbsp;<\/p>\n","protected":false},"excerpt":{"rendered":"<p>Kooperation zwischen Arbeitgeberverband und Weiterbildungstr\u00e4ger (AWe). Der M\u00e4rkische Arbeitgeberverband (MAV)  [&#8230;]<\/p>\n","protected":false},"author":3,"featured_media":23221,"comment_status":"closed","ping_status":"closed","sticky":false,"template":"","format":"standard","meta":{"two_page_speed":[],"footnotes":""},"categories":[18],"tags":[],"class_list":["post-23220","post","type-post","status-publish","format-standard","has-post-thumbnail","hentry","category-witschaft"],"_links":{"self":[{"href":"https:\/\/www.mk-journal.de\/index.php\/wp-json\/wp\/v2\/posts\/23220","targetHints":{"allow":["GET"]}}],"collection":[{"href":"https:\/\/www.mk-journal.de\/index.php\/wp-json\/wp\/v2\/posts"}],"about":[{"href":"https:\/\/www.mk-journal.de\/index.php\/wp-json\/wp\/v2\/types\/post"}],"author":[{"embeddable":true,"href":"https:\/\/www.mk-journal.de\/index.php\/wp-json\/wp\/v2\/users\/3"}],"replies":[{"embeddable":true,"href":"https:\/\/www.mk-journal.de\/index.php\/wp-json\/wp\/v2\/comments?post=23220"}],"version-history":[{"count":1,"href":"https:\/\/www.mk-journal.de\/index.php\/wp-json\/wp\/v2\/posts\/23220\/revisions"}],"predecessor-version":[{"id":23222,"href":"https:\/\/www.mk-journal.de\/index.php\/wp-json\/wp\/v2\/posts\/23220\/revisions\/23222"}],"wp:featuredmedia":[{"embeddable":true,"href":"https:\/\/www.mk-journal.de\/index.php\/wp-json\/wp\/v2\/media\/23221"}],"wp:attachment":[{"href":"https:\/\/www.mk-journal.de\/index.php\/wp-json\/wp\/v2\/media?parent=23220"}],"wp:term":[{"taxonomy":"category","embeddable":true,"href":"https:\/\/www.mk-journal.de\/index.php\/wp-json\/wp\/v2\/categories?post=23220"},{"taxonomy":"post_tag","embeddable":true,"href":"https:\/\/www.mk-journal.de\/index.php\/wp-json\/wp\/v2\/tags?post=23220"}],"curies":[{"name":"wp","href":"https:\/\/api.w.org\/{rel}","templated":true}]}}