{"id":23243,"date":"2025-12-08T11:41:23","date_gmt":"2025-12-08T09:41:23","guid":{"rendered":"https:\/\/www.mk-journal.de\/?p=23243"},"modified":"2025-12-08T11:41:23","modified_gmt":"2025-12-08T09:41:23","slug":"lwl-azubis-pflanzen-750-setzlinge-fuer-den-umweltschutz","status":"publish","type":"post","link":"https:\/\/www.mk-journal.de\/index.php\/2025\/12\/08\/lwl-azubis-pflanzen-750-setzlinge-fuer-den-umweltschutz\/","title":{"rendered":"LWL-Azubis pflanzen 750 Setzlinge f\u00fcr den Umweltschutz"},"content":{"rendered":"<h4><strong>&#8222;Azubi-B\u00e4ume&#8220; nahe der LWL-Klinik Hemer voller Erfolg<\/strong><\/h4>\n<p>(lwl). Auszubildende des Landschaftsverbandes Westfalen-Lippe (LWL) pflanzten jetzt passend zum Weltbodentag rund 750 Setzlinge auf einem Gel\u00e4nde nahe der LWL-Klinik Hemer, Hans-Prinzhorn-Klinik, um sich f\u00fcr Klima, Umwelt und Nachhaltigkeit einzusetzen. Bei der LWL-Aktion &#8222;Azubi-B\u00e4ume&#8220; packten etwa 120 LWL-Mitarbeitende an, darunter nicht nur Azubis, sondern auch Studierende und Hospitanten. Die flei\u00dfigen Helferinnen und Helfer kamen dabei aus der LWL-Kernverwaltung in M\u00fcnster, den LWL-Kliniken Hemer und Dortmund sowie der mit den Klinikstandorten verbundenen LWL-Pflegeschule Dortmund.<\/p>\n<p><strong>LWL-Direktor packt mit an<\/strong><\/p>\n<p>Die Pflanzfl\u00e4che selbst wurde vom LWL-Bau- und Liegenschaftsbetrieb (LWL-BLB) bereitgestellt, der \u00fcber 1.000 Hektar Wald im Verbandsgebiet des LWL verwaltet und bewirtschaftet. Um die Aktion zu w\u00fcrdigen und auch selbst mit anzupacken, kamen ebenso Teile der LWL-F\u00fchrung und -Verwaltung nach Hemer: darunter Dr. Georg Lunemann, Direktor des LWL, und Urs Frigger, Dezernent des LWL-Bau- und Liegenschaftsbetriebs sowie Prof. Dr. Jens Bothe, als Kaufm\u00e4nnischer Direktor der LWL-Klinik Hemer.<\/p>\n<p><strong>Klimaneutralit\u00e4t als Verantwortung f\u00fcr zuk\u00fcnftige Generationen<\/strong><\/p>\n<p>Dr. Georg Lunemann, der Direktor des LWL betont: &#8222;.Gerade in der heutigen Zeit brauchen wir Werte: Der LWL ist sich als gro\u00dfer \u00f6ffentlicher Akteur seiner Verantwortung f\u00fcr Nachhaltigkeit bewusst. Jede Ma\u00dfnahme &#8211; sei es durch Aufforstung, den Ausbau erneuerbarer Energien oder die F\u00f6rderung nachhaltiger Mobilit\u00e4t &#8211; tr\u00e4gt dazu bei, den Klimawandel zu bek\u00e4mpfen. Die Azubi-Pflanzaktion ist dabei nicht nur gut f\u00fcr das Klima und die Biodiversit\u00e4t. Sie ist eine echte Gemeinschaftsaktion und st\u00e4rkt den Zusammenhalt innerhalb des LWL.&#8220;<\/p>\n<p><strong>Vielseitig, resistent und anpassungsf\u00e4hig<\/strong><\/p>\n<p>Um keine Monokultur entstehen zu lassen, wurde in Zusammenarbeit mit F\u00f6rsterin Julia Borghoff auf eine vielseitige Auswahl an Setzlingen geachtet. Douglasien, Wei\u00dftannen, Rotbuchen, Roteichen, Walnuss, Robinien und Esskastanien im Hauptbereich der Fl\u00e4che erg\u00e4nzen die im Wegbereich gepflanzten Wild\u00e4pfel, Wildbirnen, Elsbeeren und Speierlinge. Bei der Auswahl standen Faktoren wie Klimaresistenz, Anpassungsf\u00e4higkeit sowie die F\u00f6rderung der Biodiversit\u00e4t in der Region im Fokus.<\/p>\n<p><strong>Vielf\u00e4ltige Baumarten wahl<\/strong><\/p>\n<p>Prof. Dr. Jens Bothe, der Kaufm\u00e4nnische Direktor der LWL-Kliniken Hemer und Dortmund, erl\u00e4utert: &#8222;Nachhaltigkeit im Gesundheitswesen bezieht sich nicht nur auf Versorgung, Pflege und Heilung, sondern bedeutet auch Verantwortung f\u00fcr Umwelt und Gesellschaft. Mit Aktionen wie dieser Pflanzaktion zeigen wir, dass wir nicht nur f\u00fcr unsere Patientinnen und Patienten, sondern auch f\u00fcr die Umwelt und die kommenden Generationen Verantwortung \u00fcbernehmen. Indem wir auf eine vielf\u00e4ltige Baumartenwahl setzen, tragen wir aktiv zur Aufforstung bei, f\u00f6rdern die biologische Vielfalt und st\u00e4rken die Resilienz der Natur gegen\u00fcber den Herausforderungen des Klimawandels.&#8220;<\/p>\n<p><strong>Austausch nach Pflanzaktion<\/strong><\/p>\n<p>Nach der Arbeit f\u00fcr die gute Sache konnten sich die Helferinnen und Helfer auf einen gemeinsamen Austausch an der LWL-Klinik Hemer freuen. Bei Getr\u00e4nken und Leckereien gab es genug Gelegenheit, sich zu st\u00e4rken und die Kolleginnen und Kollegen aus den anderen LWL-Bereichen kennenzulernen. An der Pflanzfl\u00e4che erinnert nun ein Aufsteller an die gelungene Veranstaltung. Dieser f\u00fchrt mit einem QR-Code zu weiteren Infos zur Aktion und den Namen der Helferinnen und Helfer.<\/p>\n","protected":false},"excerpt":{"rendered":"<p>&#8222;Azubi-B\u00e4ume&#8220; nahe der LWL-Klinik Hemer voller Erfolg (lwl). Auszubildende des  [&#8230;]<\/p>\n","protected":false},"author":3,"featured_media":23244,"comment_status":"closed","ping_status":"closed","sticky":false,"template":"","format":"standard","meta":{"two_page_speed":[],"footnotes":""},"categories":[7],"tags":[],"class_list":["post-23243","post","type-post","status-publish","format-standard","has-post-thumbnail","hentry","category-dies-und-das"],"_links":{"self":[{"href":"https:\/\/www.mk-journal.de\/index.php\/wp-json\/wp\/v2\/posts\/23243","targetHints":{"allow":["GET"]}}],"collection":[{"href":"https:\/\/www.mk-journal.de\/index.php\/wp-json\/wp\/v2\/posts"}],"about":[{"href":"https:\/\/www.mk-journal.de\/index.php\/wp-json\/wp\/v2\/types\/post"}],"author":[{"embeddable":true,"href":"https:\/\/www.mk-journal.de\/index.php\/wp-json\/wp\/v2\/users\/3"}],"replies":[{"embeddable":true,"href":"https:\/\/www.mk-journal.de\/index.php\/wp-json\/wp\/v2\/comments?post=23243"}],"version-history":[{"count":1,"href":"https:\/\/www.mk-journal.de\/index.php\/wp-json\/wp\/v2\/posts\/23243\/revisions"}],"predecessor-version":[{"id":23245,"href":"https:\/\/www.mk-journal.de\/index.php\/wp-json\/wp\/v2\/posts\/23243\/revisions\/23245"}],"wp:featuredmedia":[{"embeddable":true,"href":"https:\/\/www.mk-journal.de\/index.php\/wp-json\/wp\/v2\/media\/23244"}],"wp:attachment":[{"href":"https:\/\/www.mk-journal.de\/index.php\/wp-json\/wp\/v2\/media?parent=23243"}],"wp:term":[{"taxonomy":"category","embeddable":true,"href":"https:\/\/www.mk-journal.de\/index.php\/wp-json\/wp\/v2\/categories?post=23243"},{"taxonomy":"post_tag","embeddable":true,"href":"https:\/\/www.mk-journal.de\/index.php\/wp-json\/wp\/v2\/tags?post=23243"}],"curies":[{"name":"wp","href":"https:\/\/api.w.org\/{rel}","templated":true}]}}