{"id":23257,"date":"2025-12-08T12:55:51","date_gmt":"2025-12-08T10:55:51","guid":{"rendered":"https:\/\/www.mk-journal.de\/?p=23257"},"modified":"2025-12-08T12:55:51","modified_gmt":"2025-12-08T10:55:51","slug":"nacht-der-kultur-ein-erfolg","status":"publish","type":"post","link":"https:\/\/www.mk-journal.de\/index.php\/2025\/12\/08\/nacht-der-kultur-ein-erfolg\/","title":{"rendered":"Nacht der Kultur ein Erfolg"},"content":{"rendered":"<p>(PSL). Die beteiligten Veranstaltungsorte der Nacht der Kultur sowie Vertreterinnen und Vertreter des Kulturbeirates und der Kulturverwaltung der Stadt haben sich jetzt in den Museen der Stadt L\u00fcdenscheid zu einem R\u00fcckblick auf die diesj\u00e4hrige Veranstaltung getroffen. Die R\u00fcckmeldungen fielen durchweg positiv aus. Sowohl der Ablauf als auch die Besucherzahlen wurden von allen Teilnehmenden sehr zufriedenstellend bewertet. Besonders hervorgehoben wurden die Lichtinstallationen der beteiligten Schulen im Rahmen des Projektes \u201cUrban Glow\u201d. Diese seien nicht nur k\u00fcnstlerisch bereichernd gewesen, sondern h\u00e4tten auch ein wichtiges Zeichen f\u00fcr die intensive Einbindung junger Menschen gesetzt.<\/p>\n<p><strong>Verbesserungen f\u00fcr 2026<\/strong><\/p>\n<p>Im Rahmen des Treffens wurden au\u00dferdem mehrere Ansatzpunkte f\u00fcr m\u00f6gliche Verbesserungen der Nacht der Kultur im kommenden Jahr diskutiert. Dazu z\u00e4hlen unter anderem:<\/p>\n<p>&#8211; die Pr\u00fcfung eines Park-and-Ride-Angebots vom Sch\u00fctzenplatz Loh, um die Parksituation in der Innenstadt zu entlasten,<\/p>\n<p>&#8211; die m\u00f6gliche Einrichtung eines Shuttle-Services zwischen den Veranstaltungsorten, um insbesondere mobilit\u00e4tseingeschr\u00e4nkten Personen den Besuch zu erleichtern,<\/p>\n<p>&#8211; eine st\u00e4rkere Einbindung von Jugendlichen und Kulturvereinen,<\/p>\n<p>&#8211; sowie eine intensivere Kooperation mit der lokalen Gastronomie, etwa durch besondere Angebote oder eigene Anschlussformate.<\/p>\n<p><strong>Termin\u00a0 2026 steht fest<\/strong><\/p>\n<p>Alle genannten Punkte werden nun hinsichtlich ihrer finanziellen und organisatorischen Machbarkeit gepr\u00fcft. Der Termin f\u00fcr die n\u00e4chste Nacht der Kultur steht bereits fest:\u00a0 Samstag, 10. Oktober 2026.<\/p>\n<p>&nbsp;<\/p>\n<p>&nbsp;<\/p>\n","protected":false},"excerpt":{"rendered":"<p>(PSL). Die beteiligten Veranstaltungsorte der Nacht der Kultur sowie Vertreterinnen  [&#8230;]<\/p>\n","protected":false},"author":3,"featured_media":23258,"comment_status":"closed","ping_status":"closed","sticky":false,"template":"","format":"standard","meta":{"two_page_speed":[],"footnotes":""},"categories":[6],"tags":[],"class_list":["post-23257","post","type-post","status-publish","format-standard","has-post-thumbnail","hentry","category-kultur"],"_links":{"self":[{"href":"https:\/\/www.mk-journal.de\/index.php\/wp-json\/wp\/v2\/posts\/23257","targetHints":{"allow":["GET"]}}],"collection":[{"href":"https:\/\/www.mk-journal.de\/index.php\/wp-json\/wp\/v2\/posts"}],"about":[{"href":"https:\/\/www.mk-journal.de\/index.php\/wp-json\/wp\/v2\/types\/post"}],"author":[{"embeddable":true,"href":"https:\/\/www.mk-journal.de\/index.php\/wp-json\/wp\/v2\/users\/3"}],"replies":[{"embeddable":true,"href":"https:\/\/www.mk-journal.de\/index.php\/wp-json\/wp\/v2\/comments?post=23257"}],"version-history":[{"count":1,"href":"https:\/\/www.mk-journal.de\/index.php\/wp-json\/wp\/v2\/posts\/23257\/revisions"}],"predecessor-version":[{"id":23259,"href":"https:\/\/www.mk-journal.de\/index.php\/wp-json\/wp\/v2\/posts\/23257\/revisions\/23259"}],"wp:featuredmedia":[{"embeddable":true,"href":"https:\/\/www.mk-journal.de\/index.php\/wp-json\/wp\/v2\/media\/23258"}],"wp:attachment":[{"href":"https:\/\/www.mk-journal.de\/index.php\/wp-json\/wp\/v2\/media?parent=23257"}],"wp:term":[{"taxonomy":"category","embeddable":true,"href":"https:\/\/www.mk-journal.de\/index.php\/wp-json\/wp\/v2\/categories?post=23257"},{"taxonomy":"post_tag","embeddable":true,"href":"https:\/\/www.mk-journal.de\/index.php\/wp-json\/wp\/v2\/tags?post=23257"}],"curies":[{"name":"wp","href":"https:\/\/api.w.org\/{rel}","templated":true}]}}