{"id":23261,"date":"2025-12-08T13:16:32","date_gmt":"2025-12-08T11:16:32","guid":{"rendered":"https:\/\/www.mk-journal.de\/?p=23261"},"modified":"2025-12-08T13:16:32","modified_gmt":"2025-12-08T11:16:32","slug":"mjo-praesentiert-mitreissende-enfants-terribles-der-orchestermusik","status":"publish","type":"post","link":"https:\/\/www.mk-journal.de\/index.php\/2025\/12\/08\/mjo-praesentiert-mitreissende-enfants-terribles-der-orchestermusik\/","title":{"rendered":"MJO pr\u00e4sentiert mitrei\u00dfende \u201eEnfants Terribles\u201c der Orchestermusik"},"content":{"rendered":"<p>(pmk). Jung und rebellisch erobert sich das M\u00e4rkische Jugendsinfonieorchester (MJO) mit \u201eEnfants Terribles\u201c am Samstag, 10. Januar, in Halver und am Sonntag, 11. Januar, in Werdohl die B\u00fchne einmal mehr mit einem au\u00dfergew\u00f6hnlichen Programm. Karten gibt es im Vorverkauf. Den provokanten Titel hat Thomas Grote, Chefdirigent und erfahrener Leiter des MJO, mit einem Augenzwinkern gew\u00e4hlt. Wer das MJO kennt, sch\u00e4tzt den grenzenlosen Spa\u00df an der Musik und die ungest\u00fcme, neugierige und zuweilen auch rebellische Energie, die die jungen Musikerinnen und Musiker auf die B\u00fchne bringen.<\/p>\n<p><strong>Bernstein, Mozart, Menotti und Stanford<\/strong><\/p>\n<p>Thomas Grote hat f\u00fcr die Winterkonzerte Komponisten ausgew\u00e4hlt, die teilweise selbst in ihrer Zeit als \u201eenfants terribles\u201c galten: Leroy Anderson \u2013 Meister des musikalischen Witzes, Leonard Bernstein \u2013 Revolution\u00e4r zwischen Broadway und Sinfonie, Mozart \u2013 das jugendliche Genie, das Zeit seines Lebens seine Grenzen auslotete und Haydn \u2013 der erste Superstar in der Musik. \u00c4hnliches gilt f\u00fcr Gian Carlo Menotti, der mit Leidenschaft das Musiktheater des 20. Jahrhunderts formte, und Charles Villiers Stanford, der mit irischem Temperament und sp\u00e4tromantischem Glanz komponierte.<\/p>\n<p><strong>Das Programm<\/strong><\/p>\n<p>Die Winterkonzerte finden am Samstag, 10. Januar, um 17 Uhr in der Aula des Anne-Frank-Gymnasiums in Halver und am Sonntag, 11. Januar, um 11 Uhr im Festsaal Riesei in Werdohl statt. Musikinteressierte d\u00fcrfen sich freuen auf:\u00a0 Leroy Anderson (1908 \u2013 1975), Irish Suite: I. The Irish Washerwoman; Leonard Bernstein (1918 \u2013 1990), Slava! A Political Ouverture; Wolfgang Amadeus Mozart (1756 \u2013 1791), Ouvert\u00fcre aus \u201eDie Entf\u00fchrung aus dem Serail\u201c; Joseph Haydn (1732 \u2013 1809), Trompetenkonzert Es-Dur; Gian Carlo Menotti (1911 \u2013 2007), Ouvert\u00fcre aus \u201eAmelia al Ballo\u201c und Charles Villiers Stanford (1852 \u2013 1924), Irish Rhapsody No. 1.<\/p>\n<p><strong>Konstantin Martensmeier moderiert<\/strong><\/p>\n<p>\u201eOb in Halver oder Werdohl, das Publikum erwartet ein mitrei\u00dfendes Programm, skurril, humorvoll und mit orchestralem Tiefgang\u201c, verspricht Chefdirigent Thomas Grote. Als Solist steht ihm mit Edouard Barlerin ein virtuoser Trompeter mit internationalem Profil zur Seite. Die Moderation der Konzerte \u00fcbernimmt MJO-Mitglied Konstantin Martensmeier. Weitere Informationen unter <a href=\"http:\/\/www.mjo-mk.de\">www.mjo-mk.de<\/a><\/p>\n<p><strong>Vorverkauf hat begonnen<\/strong><\/p>\n<p><strong>Halver: <\/strong>Samstag, 10. Januar 2026, um 17 Uhr: Aula des Anne-Frank-Gymnasiums, Kantstra\u00dfe 2,<\/p>\n<p>Infos und Vorverkauf unter: <a href=\"http:\/\/www.kulturzeit.halver.de\">www.kulturzeit.halver.de<\/a> \u00a0sowie: Konrad K\u00f6sters B\u00fccherkiste, Mittelstra\u00dfe 21, Halver, Tel: 02353-903344<\/p>\n<p><strong>Werdohl: <\/strong>Sonntag, 11. Januar 2026, um 11 Uhr: Festsaal Riesei, Stadionstra\u00dfe 50,<\/p>\n<p>Infos und Vorverkauf unter: <a href=\"http:\/\/www.mjo-mk.de\">www.mjo-mk.de<\/a> , 02352-9667052 sowie: Reiseclub Werdohl, Bahnhofstra\u00dfe 16, Werdohl, Tel.: 02392-807240<\/p>\n","protected":false},"excerpt":{"rendered":"<p>(pmk). Jung und rebellisch erobert sich das M\u00e4rkische Jugendsinfonieorchester (MJO)  [&#8230;]<\/p>\n","protected":false},"author":3,"featured_media":23262,"comment_status":"closed","ping_status":"closed","sticky":false,"template":"","format":"standard","meta":{"two_page_speed":[],"footnotes":""},"categories":[6],"tags":[],"class_list":["post-23261","post","type-post","status-publish","format-standard","has-post-thumbnail","hentry","category-kultur"],"_links":{"self":[{"href":"https:\/\/www.mk-journal.de\/index.php\/wp-json\/wp\/v2\/posts\/23261","targetHints":{"allow":["GET"]}}],"collection":[{"href":"https:\/\/www.mk-journal.de\/index.php\/wp-json\/wp\/v2\/posts"}],"about":[{"href":"https:\/\/www.mk-journal.de\/index.php\/wp-json\/wp\/v2\/types\/post"}],"author":[{"embeddable":true,"href":"https:\/\/www.mk-journal.de\/index.php\/wp-json\/wp\/v2\/users\/3"}],"replies":[{"embeddable":true,"href":"https:\/\/www.mk-journal.de\/index.php\/wp-json\/wp\/v2\/comments?post=23261"}],"version-history":[{"count":1,"href":"https:\/\/www.mk-journal.de\/index.php\/wp-json\/wp\/v2\/posts\/23261\/revisions"}],"predecessor-version":[{"id":23263,"href":"https:\/\/www.mk-journal.de\/index.php\/wp-json\/wp\/v2\/posts\/23261\/revisions\/23263"}],"wp:featuredmedia":[{"embeddable":true,"href":"https:\/\/www.mk-journal.de\/index.php\/wp-json\/wp\/v2\/media\/23262"}],"wp:attachment":[{"href":"https:\/\/www.mk-journal.de\/index.php\/wp-json\/wp\/v2\/media?parent=23261"}],"wp:term":[{"taxonomy":"category","embeddable":true,"href":"https:\/\/www.mk-journal.de\/index.php\/wp-json\/wp\/v2\/categories?post=23261"},{"taxonomy":"post_tag","embeddable":true,"href":"https:\/\/www.mk-journal.de\/index.php\/wp-json\/wp\/v2\/tags?post=23261"}],"curies":[{"name":"wp","href":"https:\/\/api.w.org\/{rel}","templated":true}]}}