{"id":23292,"date":"2025-12-09T12:35:37","date_gmt":"2025-12-09T10:35:37","guid":{"rendered":"https:\/\/www.mk-journal.de\/?p=23292"},"modified":"2025-12-09T12:35:37","modified_gmt":"2025-12-09T10:35:37","slug":"winterpracht","status":"publish","type":"post","link":"https:\/\/www.mk-journal.de\/index.php\/2025\/12\/09\/winterpracht\/","title":{"rendered":"&#8222;Winterpracht&#8220;"},"content":{"rendered":"<p><strong>Elftes Weihnachtskonzert von &#8222;MounTuneVoices&#8220;<\/strong><\/p>\n<p>(PSL). Das elfte Weihnachtskonzert des L\u00fcdenscheider Musikschulchores \u201eMounTuneVoices\u201c naht. Traditionell findet es am Samstag vor dem dritten Advent, in diesem Jahr also am 13. Dezember, um 18 Uhr im Saal der Musikschule L\u00fcdenscheid statt. Passend zu einem St\u00fcck aus dem Programm steht das Konzert unter dem Titel \u201eWinterpracht\u201c. Neben klassischen und modernen Chorarrangements werden auch einige Solobeitr\u00e4ge fortgeschrittenerer Vokal- und Instrumentalsch\u00fcler*innen sowie Gedichte der humorvollen und besinnlichen Art zu h\u00f6ren sein.<\/p>\n<p><strong>Andrea Ertz am Klavier<\/strong><\/p>\n<p>Neben den \u201eMounTuneVoices\u201c werden auch die 10- bis 14-j\u00e4hrigen S\u00e4ngerinnen und S\u00e4nger der \u201eYoungVoices\u201c mit einigen eigenen St\u00fccken am Konzert beteiligt sein und au\u00dferdem auch mit den \u00c4lteren gemeinsam singen. So soll auch den Teenagern eine B\u00fchne geboten und durch das gemeinsame Musizieren mit den \u201eMounTuneVoices\u201c erlebbar werden, wie es chorisch weitergeht an der Musikschule. Die Leitung des Konzertes liegt bei Franziska F\u00f6rster. Am Klavier begleitet in bew\u00e4hrter Weise Andrea Ertz.<\/p>\n<p><strong>Eintritt ist frei<\/strong><\/p>\n<p>Die Musikschule der Stadt L\u00fcdenscheid l\u00e4dt bei freiem Eintritt ganz herzlich zu diesem vielseitigen vorweihnachtlichen Konzerterlebnis ein. Die Mitwirkenden freuen sich auf viele Zuh\u00f6rer. Weitere Informationen erteilt das Sekretariat der Musikschule der Stadt L\u00fcdenscheid unter der Rufnummer 02351\/172426. Die \u00d6ffnungszeiten sind Montag bis Freitag von 10 bis 12 Uhr und Montag bis Donnerstag von 13 bis 16 Uhr.<\/p>\n<p>&nbsp;<\/p>\n","protected":false},"excerpt":{"rendered":"<p>Elftes Weihnachtskonzert von &#8222;MounTuneVoices&#8220; (PSL). Das elfte Weihnachtskonzert des L\u00fcdenscheider  [&#8230;]<\/p>\n","protected":false},"author":3,"featured_media":23293,"comment_status":"closed","ping_status":"closed","sticky":false,"template":"","format":"standard","meta":{"two_page_speed":[],"footnotes":""},"categories":[6],"tags":[],"class_list":["post-23292","post","type-post","status-publish","format-standard","has-post-thumbnail","hentry","category-kultur"],"_links":{"self":[{"href":"https:\/\/www.mk-journal.de\/index.php\/wp-json\/wp\/v2\/posts\/23292","targetHints":{"allow":["GET"]}}],"collection":[{"href":"https:\/\/www.mk-journal.de\/index.php\/wp-json\/wp\/v2\/posts"}],"about":[{"href":"https:\/\/www.mk-journal.de\/index.php\/wp-json\/wp\/v2\/types\/post"}],"author":[{"embeddable":true,"href":"https:\/\/www.mk-journal.de\/index.php\/wp-json\/wp\/v2\/users\/3"}],"replies":[{"embeddable":true,"href":"https:\/\/www.mk-journal.de\/index.php\/wp-json\/wp\/v2\/comments?post=23292"}],"version-history":[{"count":1,"href":"https:\/\/www.mk-journal.de\/index.php\/wp-json\/wp\/v2\/posts\/23292\/revisions"}],"predecessor-version":[{"id":23294,"href":"https:\/\/www.mk-journal.de\/index.php\/wp-json\/wp\/v2\/posts\/23292\/revisions\/23294"}],"wp:featuredmedia":[{"embeddable":true,"href":"https:\/\/www.mk-journal.de\/index.php\/wp-json\/wp\/v2\/media\/23293"}],"wp:attachment":[{"href":"https:\/\/www.mk-journal.de\/index.php\/wp-json\/wp\/v2\/media?parent=23292"}],"wp:term":[{"taxonomy":"category","embeddable":true,"href":"https:\/\/www.mk-journal.de\/index.php\/wp-json\/wp\/v2\/categories?post=23292"},{"taxonomy":"post_tag","embeddable":true,"href":"https:\/\/www.mk-journal.de\/index.php\/wp-json\/wp\/v2\/tags?post=23292"}],"curies":[{"name":"wp","href":"https:\/\/api.w.org\/{rel}","templated":true}]}}