{"id":23336,"date":"2025-12-11T09:08:52","date_gmt":"2025-12-11T07:08:52","guid":{"rendered":"https:\/\/www.mk-journal.de\/?p=23336"},"modified":"2025-12-11T09:08:52","modified_gmt":"2025-12-11T07:08:52","slug":"aufsichtsrat-der-maerkischen-gesundheitsholding-stellt-sich-neu-auf","status":"publish","type":"post","link":"https:\/\/www.mk-journal.de\/index.php\/2025\/12\/11\/aufsichtsrat-der-maerkischen-gesundheitsholding-stellt-sich-neu-auf\/","title":{"rendered":"Aufsichtsrat der M\u00e4rkischen Gesundheitsholding stellt sich neu auf"},"content":{"rendered":"<h4><strong>Vorsitzender Stefan Herburg und Stellvertreter Bernd Schildknecht best\u00e4tigt<\/strong><\/h4>\n<p>(EB). Der Aufsichtsrat der M\u00e4rkischen Gesundheitsholding hat sich turnusm\u00e4\u00dfig neu konstituiert und seine leitenden Funktionen f\u00fcr die kommenden Jahre neu bestimmt. In diesem Zuge wurde Stefan Herburg (CDU) erneut zum Vorsitzenden des Aufsichtsrates gew\u00e4hlt. Auch Bernd Schildknecht (SPD) wurde in seinem Amt als stellvertretender Vorsitzender best\u00e4tigt.<\/p>\n<p>Der Aufsichtsrat hat innerhalb der M\u00e4rkischen Gesundheitsholding eine ma\u00dfgebliche Bedeutung: Er begleitet die strategische Ausrichtung des Gesundheitsverbundes, \u00fcberwacht die Gesch\u00e4ftsf\u00fchrung, entscheidet \u00fcber wichtige Investitionen und tr\u00e4gt dazu bei, die medizinische Versorgung im M\u00e4rkischen Kreis langfristig zu sichern. Die turnusm\u00e4\u00dfige Neubestimmung st\u00e4rkt damit sowohl die strategische Kontinuit\u00e4t als auch die Stabilit\u00e4t in einer herausfordernden Phase des deutschen Gesundheitswesens.<\/p>\n<p><strong>Dem Aufsichtsrat folgende weitere Mitglieder an:<\/strong><\/p>\n<p>Udo Kritschker, CDU<\/p>\n<p>Kirsten J\u00fctte, CDU<\/p>\n<p>Mary Ann Storch, SPD<\/p>\n<p>Florian Stein, AfD<\/p>\n<p>Horst Karpinsky, AfD<\/p>\n<p>Marjan Eggers, Gr\u00fcne<\/p>\n<p>Anja Claus, die Linke<\/p>\n<p>Wolfgang Rothstein. SPD<\/p>\n<p>Dietmar L\u00fcling, CDU<\/p>\n<p>Hans-Joachim Orb, Beteiligungsmanagement M\u00e4rkischer Kreis<\/p>\n<p>Kai Elsweier, K\u00e4mmerer des M\u00e4rkischen Kreises und beratendes Aufsichtsratsmitglied ohne Stimmrecht<\/p>\n<p><strong>Als Arbeitnehmervertreter:<\/strong><\/p>\n<p>J\u00f6rg Stahlschmidt<\/p>\n<p>Jochen Kliebisch<\/p>\n<p>Andreas Rostek<\/p>\n<p>Regina Vanselow<\/p>\n<p>J\u00fcrgen A. Weber<\/p>\n<p><strong>Ansporn an Zukunftsf\u00e4higkeit zu arbeiten<\/strong><\/p>\n<p>Stefan Herburg erkl\u00e4rte nach seiner Wiederwahl: \u201eIch freue mich sehr \u00fcber das erneute Vertrauen und sehe es als Ansporn, gemeinsam mit meinen Kolleginnen und Kollegen im Aufsichtsrat weiterhin entschlossen an der Zukunftsf\u00e4higkeit unserer Einrichtungen zu arbeiten. Unsere Aufgabe ist es, Orientierung zu geben und die M\u00e4rkische Gesundheitsholding durch diese herausfordernden Zeiten sicher zu begleiten.\u201c<\/p>\n<p><strong>Enge Zusammenarbeit Erfolgsfaktor<\/strong><\/p>\n<p>Auch die Gesch\u00e4ftsf\u00fchrung begr\u00fc\u00dft die erneute Wahl der bisherigen Vorsitzenden. Dr. Thorsten Kehe, Vorsitzender der Gesch\u00e4ftsf\u00fchrung der M\u00e4rkischen Gesundheitsholding: \u201e Die enge und konstruktive Zusammenarbeit zwischen Gesch\u00e4ftsf\u00fchrung und Aufsichtsrat ist f\u00fcr uns ein wichtiger Erfolgsfaktor. Die Wiederwahl von Herrn Herburg und Herrn Schildknecht schafft Verl\u00e4sslichkeit und erm\u00f6glicht es uns, unsere strategischen Projekte konsequent weiterzuf\u00fchren und die Gesundheitsversorgung im M\u00e4rkischen Kreis nachhaltig zu st\u00e4rken.\u201c<\/p>\n","protected":false},"excerpt":{"rendered":"<p>Vorsitzender Stefan Herburg und Stellvertreter Bernd Schildknecht best\u00e4tigt (EB). Der  [&#8230;]<\/p>\n","protected":false},"author":3,"featured_media":23337,"comment_status":"closed","ping_status":"closed","sticky":false,"template":"","format":"standard","meta":{"two_page_speed":[],"footnotes":""},"categories":[11],"tags":[],"class_list":["post-23336","post","type-post","status-publish","format-standard","has-post-thumbnail","hentry","category-maerkischer-kreis"],"_links":{"self":[{"href":"https:\/\/www.mk-journal.de\/index.php\/wp-json\/wp\/v2\/posts\/23336","targetHints":{"allow":["GET"]}}],"collection":[{"href":"https:\/\/www.mk-journal.de\/index.php\/wp-json\/wp\/v2\/posts"}],"about":[{"href":"https:\/\/www.mk-journal.de\/index.php\/wp-json\/wp\/v2\/types\/post"}],"author":[{"embeddable":true,"href":"https:\/\/www.mk-journal.de\/index.php\/wp-json\/wp\/v2\/users\/3"}],"replies":[{"embeddable":true,"href":"https:\/\/www.mk-journal.de\/index.php\/wp-json\/wp\/v2\/comments?post=23336"}],"version-history":[{"count":1,"href":"https:\/\/www.mk-journal.de\/index.php\/wp-json\/wp\/v2\/posts\/23336\/revisions"}],"predecessor-version":[{"id":23338,"href":"https:\/\/www.mk-journal.de\/index.php\/wp-json\/wp\/v2\/posts\/23336\/revisions\/23338"}],"wp:featuredmedia":[{"embeddable":true,"href":"https:\/\/www.mk-journal.de\/index.php\/wp-json\/wp\/v2\/media\/23337"}],"wp:attachment":[{"href":"https:\/\/www.mk-journal.de\/index.php\/wp-json\/wp\/v2\/media?parent=23336"}],"wp:term":[{"taxonomy":"category","embeddable":true,"href":"https:\/\/www.mk-journal.de\/index.php\/wp-json\/wp\/v2\/categories?post=23336"},{"taxonomy":"post_tag","embeddable":true,"href":"https:\/\/www.mk-journal.de\/index.php\/wp-json\/wp\/v2\/tags?post=23336"}],"curies":[{"name":"wp","href":"https:\/\/api.w.org\/{rel}","templated":true}]}}