{"id":23356,"date":"2025-12-11T11:11:06","date_gmt":"2025-12-11T09:11:06","guid":{"rendered":"https:\/\/www.mk-journal.de\/?p=23356"},"modified":"2025-12-11T11:11:06","modified_gmt":"2025-12-11T09:11:06","slug":"rahmede-talbruecke-am-22-wieder-frei","status":"publish","type":"post","link":"https:\/\/www.mk-journal.de\/index.php\/2025\/12\/11\/rahmede-talbruecke-am-22-wieder-frei\/","title":{"rendered":"Rahmede-Talbr\u00fccke am 22. wieder frei"},"content":{"rendered":"<h4><strong>Bundeskanzler Merz kommt zur Er\u00f6ffnung<\/strong><\/h4>\n<p>(EB). Die letzten finalen Bauarbeiten waren erfolgreich! Die Talbr\u00fccke Rahmede kann nun bereits deutlich schneller als gedacht er\u00f6ffnet werden! Das teilt das Bundesministerium f\u00fcr Verkehr am Donnerstagvormittag mit. <strong>Patrick Schnieder, Bundesminister f\u00fcr Verkehr:<\/strong><strong> \u201e<\/strong>Es ist geschafft! Daher freue ich mich sehr, die Talbr\u00fccke Rahmede noch vor Weihnachten und zwar am 22. Dezember er\u00f6ffnen zu k\u00f6nnen. Wir entlasten die Anwohnerinnen und Anwohner vom Durchgangsverkehr und stellen die Sauerlandlandlinie A 45 wieder her. Fest steht: Wir k\u00f6nnen Tempo in Deutschland! Mein Dank geht an alle Beteiligten, die mit gro\u00dfem Engagement daran gearbeitet haben, dass wir so viel fr\u00fcher fertig geworden sind. Ich freue mich auf einen gro\u00dfartigen Tag in L\u00fcdenscheid.\u201c<\/p>\n<p><strong>Auch der Bundeskanzler wird zur Verkehrsfreigabe kommen<br \/>\n<\/strong><br \/>\n<strong>Patrick Schnieder<\/strong><strong> weiter: \u201e<\/strong>Ich freue mich sehr, dass auch Friedrich Merz zur Wiederer\u00f6ffnung der Talbr\u00fccke Rahmede kommt. Das unterstreicht die Bedeutung dieses besonderen Projektes.\u201c<\/p>\n<p>&nbsp;<\/p>\n","protected":false},"excerpt":{"rendered":"<p>Bundeskanzler Merz kommt zur Er\u00f6ffnung (EB). Die letzten finalen Bauarbeiten  [&#8230;]<\/p>\n","protected":false},"author":3,"featured_media":23357,"comment_status":"closed","ping_status":"closed","sticky":false,"template":"","format":"standard","meta":{"two_page_speed":[],"footnotes":""},"categories":[9],"tags":[],"class_list":["post-23356","post","type-post","status-publish","format-standard","has-post-thumbnail","hentry","category-gute-nachricht"],"_links":{"self":[{"href":"https:\/\/www.mk-journal.de\/index.php\/wp-json\/wp\/v2\/posts\/23356","targetHints":{"allow":["GET"]}}],"collection":[{"href":"https:\/\/www.mk-journal.de\/index.php\/wp-json\/wp\/v2\/posts"}],"about":[{"href":"https:\/\/www.mk-journal.de\/index.php\/wp-json\/wp\/v2\/types\/post"}],"author":[{"embeddable":true,"href":"https:\/\/www.mk-journal.de\/index.php\/wp-json\/wp\/v2\/users\/3"}],"replies":[{"embeddable":true,"href":"https:\/\/www.mk-journal.de\/index.php\/wp-json\/wp\/v2\/comments?post=23356"}],"version-history":[{"count":1,"href":"https:\/\/www.mk-journal.de\/index.php\/wp-json\/wp\/v2\/posts\/23356\/revisions"}],"predecessor-version":[{"id":23358,"href":"https:\/\/www.mk-journal.de\/index.php\/wp-json\/wp\/v2\/posts\/23356\/revisions\/23358"}],"wp:featuredmedia":[{"embeddable":true,"href":"https:\/\/www.mk-journal.de\/index.php\/wp-json\/wp\/v2\/media\/23357"}],"wp:attachment":[{"href":"https:\/\/www.mk-journal.de\/index.php\/wp-json\/wp\/v2\/media?parent=23356"}],"wp:term":[{"taxonomy":"category","embeddable":true,"href":"https:\/\/www.mk-journal.de\/index.php\/wp-json\/wp\/v2\/categories?post=23356"},{"taxonomy":"post_tag","embeddable":true,"href":"https:\/\/www.mk-journal.de\/index.php\/wp-json\/wp\/v2\/tags?post=23356"}],"curies":[{"name":"wp","href":"https:\/\/api.w.org\/{rel}","templated":true}]}}