{"id":23366,"date":"2025-12-11T14:24:27","date_gmt":"2025-12-11T12:24:27","guid":{"rendered":"https:\/\/www.mk-journal.de\/?p=23366"},"modified":"2025-12-11T14:25:04","modified_gmt":"2025-12-11T12:25:04","slug":"foerderverein-kulturszene-iserlohn-iskult-e-v-gegruendet","status":"publish","type":"post","link":"https:\/\/www.mk-journal.de\/index.php\/2025\/12\/11\/foerderverein-kulturszene-iserlohn-iskult-e-v-gegruendet\/","title":{"rendered":"F\u00f6rderverein Kulturszene Iserlohn &#8222;is\u00b4kult&#8220; e.V. gegr\u00fcndet"},"content":{"rendered":"<p>(PSI). Die Iserlohner Kulturlandschaft erh\u00e4lt Verst\u00e4rkung: Elf engagierte B\u00fcrgerinnen und B\u00fcrger gr\u00fcdeten den F\u00f6rderverein Kulturszene Iserlohn \u201eis\u2019 kult\u201c e.V. Der Verein will k\u00fcnftig die vielf\u00e4ltige kulturelle Szene der Stadt unterst\u00fctzen, st\u00e4rken und weiterentwickeln. Zum 1. Vorsitzenden bestimmte die Gr\u00fcndungsversammlung den Strafverteidiger und in der regionalen Szene als \u201eDr. No\u201c bekannten Musiker Dr. Frank Nobis. Den Posten des 2. Vorsitzenden \u00fcbernimmt der kulturaffine Hausarzt im Unruhestand Dr. Joachim K\u00f6hne. Die Gesch\u00e4ftsf\u00fchrung verantwortet Beate Evers, Mitarbeiterin des Kulturreferats. Erg\u00e4nzt wird der Vorstand durch die Beisitzerinnen und Beisitzer Renate Brunswicker, Julia Steiner, R\u00fcdiger Schilling, Sven Wiedemeyer und Matthias Quaschnik.<\/p>\n<p><strong>Impulse setzen<\/strong><\/p>\n<p>Mit einem klar umrissenen Auftrag und einer Satzung, die die F\u00f6rderung der kulturellen Szene Iserlohns in den Mittelpunkt stellt, will der Verein wichtige Impulse setzen. Ziel ist es, die vielf\u00e4ltigen Akteure und Veranstaltungen der Stadt zu unterst\u00fctzen und die Voraussetzungen f\u00fcr ein breites, lebendiges und innovatives Kulturangebot weiter auszubauen. Besonderes Augenmerk gilt der F\u00f6rderung des kulturellen Nachwuchses. Ein erstes zentrales Element des F\u00f6rdervereins soll \u2013 wie schon in der Namensgebung des Vereins zum Ausdruck kommt &#8211; die enge Kooperation mit dem Kulturforum Iserlohn werden. Dessen Mitglieder organisieren nun im dritten Jahr erfolgreich und mit gro\u00dfem ehrenamtlichem Einsatz das \u201eis\u2019 kult\u201c-Sommerfestival und die \u201eis\u2018 kult\u201c-Kulturmesse.<\/p>\n<p><strong>Gemeinsam handeln<\/strong><\/p>\n<p>Beide Veranstaltungen gelten als inzwischen beliebte und bereits jetzt etablierte Plattformen, auf denen sich die gesamte Iserlohner Kulturszene wiederfindet \u2013 von Musik \u00fcber Theater, Literatur und Bildende Kunst bis hin zu urbanen und innovativen Formaten. Beide Veranstaltungen sind aufgrund der angespannter Haushaltslage und zu erwartenden K\u00fcrzungen der F\u00f6rderung bedroht, sollen aber nach Willen aller Beteiligten unbedingt auch k\u00fcnftig erhalten bleiben. \u201eWir haben im Vorfeld der Gr\u00fcndung zahlreiche Gespr\u00e4che mit Mitgliedern des Kulturforums, K\u00fcnstlerinnen und K\u00fcnstlern der Iserlohner Szene aber auch vielen kulturinteressierten B\u00fcrgerinnen und B\u00fcrgern gef\u00fchrt\u201c, berichtet Beate Evers. \u201eDie R\u00fcckmeldungen waren eindeutig: Wenn wir angesichts bevorstehender Einsparungen nicht gemeinsam handeln, geraten nicht nur diese beiden bei allen Iserlohnern beliebten Kulturformate in Gefahr.\u201c<\/p>\n<p><strong>Erg\u00e4nzung der st\u00e4dtischen Kulturf\u00f6rderung<\/strong><\/p>\n<p>\u201eAllerdings verstehen wir uns nicht als Ersatz, sondern nur als Erg\u00e4nzung der st\u00e4dtischen Kulturf\u00f6rderung\u201c, stellt der Vorsitzende Dr. Frank Nobis klar. \u201eNat\u00fcrlich wird es eine wichtige Aufgabe f\u00fcr uns sein, Sponsorengelder und F\u00f6rdermittel f\u00fcr diese und andere Iserlohner Kulturveranstaltungen einzuwerben. Gleichzeitig wollen wir Politik und Verwaltung aber nicht aus ihrer Verantwortung entlassen. Kulturf\u00f6rderung bedeutet f\u00fcr uns auch, Impulse zu geben, kritisch zu begleiten und gegebenenfalls mahnend aufzutreten.\u201c Ein Blick in den Ma\u00dfnahmenkatalog des Kulturentwicklungsplans zeige deutlich, dass viele dort formulierte Vorhaben \u2013 darunter auch viele, die ohne gro\u00dfen finanziellen Aufwand umsetzbar seien \u2013 bislang seitens der Stadt nicht realisiert wurden. \u201eWenn n\u00f6tig, werden wir hier den Finger in die Wunde legen\u201c, so Nobis weiter. \u201eDenn trotz knapper Kassen sind Politik und Verwaltung in der Pflicht, ein attraktives, vielf\u00e4ltiges und zukunftsorientiertes Kulturangebot bereitzustellen. Auf dem Weg zur \u201ekulturellen Vorzeigekommune\u201c, wie Iserlohn erst k\u00fcrzlich aus Reihen der Politik bezeichnet wurde \u201esehen wir deshalb noch viel Luft nach oben\u201c so Nobis.<\/p>\n<p><strong>Mitglied im F\u00f6rderverein werden<\/strong><\/p>\n<p>Der Verein l\u00e4dt alle Iserlohnerinnen und Iserlohner ein, Mitglied des F\u00f6rdervereins zu werden und damit die kulturelle Vielfalt der Stadt zu unterst\u00fctzen. Der Jahresbeitrag betr\u00e4gt 50 Euro f\u00fcr Einzelpersonen sowie 100 Euro f\u00fcr Unternehmen und Vereine. Aufnahmeantr\u00e4ge sind bis zur Fertigstellung der in Arbeit befindlichen Website zun\u00e4chst \u00fcber die Gesch\u00e4ftsstelle im Stadthauszentrum, Vincketra\u00dfe 10, bei Gesch\u00e4ftsf\u00fchrerin Beate Evers erh\u00e4ltlich sowie per E-Mail unter <a href=\"mailto:kultur@iserlohn.de\">kultur@iserlohn.de.<\/a> Mit der Gr\u00fcndung des \u201eis\u2019 kult\u201c e.V. hat Iserlohn einen neuen starken Partner f\u00fcr die kulturelle Zukunft der Stadt gewonnen. Ein Verein, der nicht nur f\u00f6rdern, sondern gestalten, inspirieren und ansto\u00dfen m\u00f6chte \u2013 damit Kultur in all ihrer Vielfalt auch k\u00fcnftig ein sichtbares und erlebbares Aush\u00e4ngeschild der Stadt bleibt.<\/p>\n","protected":false},"excerpt":{"rendered":"<p>(PSI). Die Iserlohner Kulturlandschaft erh\u00e4lt Verst\u00e4rkung: Elf engagierte B\u00fcrgerinnen und  [&#8230;]<\/p>\n","protected":false},"author":3,"featured_media":23367,"comment_status":"closed","ping_status":"closed","sticky":false,"template":"","format":"standard","meta":{"two_page_speed":[],"footnotes":""},"categories":[6],"tags":[],"class_list":["post-23366","post","type-post","status-publish","format-standard","has-post-thumbnail","hentry","category-kultur"],"_links":{"self":[{"href":"https:\/\/www.mk-journal.de\/index.php\/wp-json\/wp\/v2\/posts\/23366","targetHints":{"allow":["GET"]}}],"collection":[{"href":"https:\/\/www.mk-journal.de\/index.php\/wp-json\/wp\/v2\/posts"}],"about":[{"href":"https:\/\/www.mk-journal.de\/index.php\/wp-json\/wp\/v2\/types\/post"}],"author":[{"embeddable":true,"href":"https:\/\/www.mk-journal.de\/index.php\/wp-json\/wp\/v2\/users\/3"}],"replies":[{"embeddable":true,"href":"https:\/\/www.mk-journal.de\/index.php\/wp-json\/wp\/v2\/comments?post=23366"}],"version-history":[{"count":2,"href":"https:\/\/www.mk-journal.de\/index.php\/wp-json\/wp\/v2\/posts\/23366\/revisions"}],"predecessor-version":[{"id":23369,"href":"https:\/\/www.mk-journal.de\/index.php\/wp-json\/wp\/v2\/posts\/23366\/revisions\/23369"}],"wp:featuredmedia":[{"embeddable":true,"href":"https:\/\/www.mk-journal.de\/index.php\/wp-json\/wp\/v2\/media\/23367"}],"wp:attachment":[{"href":"https:\/\/www.mk-journal.de\/index.php\/wp-json\/wp\/v2\/media?parent=23366"}],"wp:term":[{"taxonomy":"category","embeddable":true,"href":"https:\/\/www.mk-journal.de\/index.php\/wp-json\/wp\/v2\/categories?post=23366"},{"taxonomy":"post_tag","embeddable":true,"href":"https:\/\/www.mk-journal.de\/index.php\/wp-json\/wp\/v2\/tags?post=23366"}],"curies":[{"name":"wp","href":"https:\/\/api.w.org\/{rel}","templated":true}]}}