{"id":23406,"date":"2025-12-14T12:05:47","date_gmt":"2025-12-14T10:05:47","guid":{"rendered":"https:\/\/www.mk-journal.de\/?p=23406"},"modified":"2025-12-14T12:05:47","modified_gmt":"2025-12-14T10:05:47","slug":"kreis-investiert-millionen-in-foerderschule-an-der-hoeh","status":"publish","type":"post","link":"https:\/\/www.mk-journal.de\/index.php\/2025\/12\/14\/kreis-investiert-millionen-in-foerderschule-an-der-hoeh\/","title":{"rendered":"Kreis investiert Millionen in F\u00f6rderschule \u201eAn der H\u00f6h\u201c"},"content":{"rendered":"<p><strong>Ma\u00dfnahmen zur Entlastung der F\u00f6rderschulen in 2026<\/strong><\/p>\n<p>(pmk). Die acht F\u00f6rderschulen in Tr\u00e4gerschaft des M\u00e4rkischen Kreises verzeichnen seit Jahren stetig wachsende Sch\u00fclerzahlen. Wurden im Schuljahr 2022\/2023 noch insgesamt 1.577 Sch\u00fclerinnen und Sch\u00fcler an den acht Schulstandorten unterrichtet, sind es im aktuellen Schuljahr bereits 194 mehr (insgesamt 1.771 Sch\u00fclerinnen und Sch\u00fclern). Diese Entwicklung bringt die Schulen an r\u00e4umliche, organisatorische und personelle Grenzen. Der M\u00e4rkische Kreis k\u00fcndigte in der j\u00fcngsten Sitzung des Kreitages Ma\u00dfnahmen zur Entlastung an.<\/p>\n<p><strong>Erweiterungsbau Schule an der H\u00f6h<\/strong><\/p>\n<p>Rund 2,8 Millionen Euro investiert der Kreis in den kommenden zwei Jahren in die Erweiterung des Schulstandortes Schule &#8222;An der H\u00f6h&#8220;\u00a0 in L\u00fcdenscheid. F\u00fcr die steigenden Sch\u00fclerzahlen fehlen der F\u00f6rderschule mit dem F\u00f6rderbedarf Geistige Entwicklung die n\u00f6tigen r\u00e4umlichen Kapazit\u00e4ten. Im aktuellen Schuljahr 2025\/2026 werden 317 Sch\u00fclerinnen und Sch\u00fcler in 25 Klassen unterrichtet. Allerdings stehen lediglich 21 Klassenr\u00e4ume zur Verf\u00fcgung.<\/p>\n<p><strong>Zwei Planungen vorgestellt<\/strong><\/p>\n<p>In einer ausf\u00fchrlichen Vorlage hatte die Kreisverwaltung dem Kreistag die aktuellen Planungen f\u00fcr einen Erweiterungsbau vorgestellt. Zwei m\u00f6gliche Varianten hatten sich dabei herauskristallisiert: eine Aufstockung auf dem Bestandsgeb\u00e4ude mit gesch\u00e4tzten Kosten in H\u00f6he von 4,8 Millionen und erheblichen Auswirkungen auf den laufenden Schulbetrieb oder der nun favorisierte Abriss des Hausmeisterhauses und ein zweigeschossiger Neubau.<\/p>\n<p><strong>Vier neue Klassenr\u00e4ume<\/strong><\/p>\n<p>Die kosteng\u00fcnstigere Variante er\u00f6ffnet die M\u00f6glichkeit, auf insgesamt 483 Quadratmetern Nutzfl\u00e4che vier neue Klassenr\u00e4ume inklusive Differenzierungsr\u00e4ume zu errichten. Des Weiteren sind vier barrierefreie Toilettenanlagen mit Duschm\u00f6glichkeit, die erforderlichen Flure und eine Treppe geplant. Zur Erschlie\u00dfung im Obergeschoss wird die vorhandene Eingangssituation ausgeweitet. Im Au\u00dfenbereich sind eine neue Zuwegung, eine Au\u00dfentreppenanlage sowie drei Aufstellfl\u00e4chen f\u00fcr Kleinbusse erforderlich.<\/p>\n<p><strong>Neuer Einzugsbereich f\u00fcr die Hundertwasser-Schule<\/strong><\/p>\n<p>Besonders betroffen von der Zunahme der Sch\u00fclerzahlen ist auch die Hundertwasser-Schule in Altena mit den F\u00f6rderschwerpunkten Lernen und Sprache: Innerhalb von acht Schuljahren stiegen die Sch\u00fclerzahlen von 231 (2018\/19) auf 320 (2025\/26) um rund 38,53 Prozent.<\/p>\n<p>Unterricht auch in Letmather Brabeck-Schule<\/p>\n<p>Um die Hundertwasser-Schule mittel- bis langfristig zu entlasten, \u00e4ndert sich ab dem kommenden Schuljahr 2026\/2027 der Einzugsbereich. Aktuell geh\u00f6ren zum Schuleinzugsbereich Altena, L\u00fcdenscheid, Neuenrade, Werdohl, Schalksm\u00fchle sowie Nachrodt-Wiblingwerde. Sch\u00fcler mit Wohnort Nachrodt-Wiblingwerde und dem F\u00f6rderschwerpunkt Lernen sollen ab dem 1. August 2026 nicht mehr in Altena, sondern an der Brabeck-Schule in Iserlohn-Letmathe eingeschult werden. Die vier Sch\u00fcler aus Nachrodt-Wiblingwerde, die bereits in der Hundertwasser-Schule angemeldet sind, k\u00f6nnen bis zum Ende der 10. Klasse dort beschult werden.<\/p>\n<p><strong>Schulwechsel in die Primarstufe<\/strong><\/p>\n<p>Zudem hat der M\u00e4rkische Kreis mit dem Landschaftsverband Westfalen-Lippe (LWL) in Olpe als Schultr\u00e4ger folgendes vereinbart: Ab dem Schuljahr 2026\/2027 besuchen Sch\u00fclerinnen und Sch\u00fcler, die neu an einer F\u00f6rderschule des M\u00e4rkischen Kreises mit dem F\u00f6rderschwerpunkt Sprache eingeschult werden, nur noch die Primarstufe an dieser F\u00f6rderschule. In der Sekundarstufe wechseln sie entweder an eine Regelschule oder an eine spezialisierte Schule des Landschaftsverbandes Westfalen-Lippe als zust\u00e4ndiger Schultr\u00e4ger.<\/p>\n<p><strong>Sch\u00fcler, die bereits an einer Schule in Tr\u00e4gerschaft des M\u00e4rkischen Kreises unterrichtet werden, oder auch Quereinsteiger, werden weiterhin an dieser Schule in der Sekundarstufe 1 beschult.<\/strong><\/p>\n","protected":false},"excerpt":{"rendered":"<p>Ma\u00dfnahmen zur Entlastung der F\u00f6rderschulen in 2026 (pmk). Die acht  [&#8230;]<\/p>\n","protected":false},"author":3,"featured_media":23407,"comment_status":"closed","ping_status":"closed","sticky":false,"template":"","format":"standard","meta":{"two_page_speed":[],"footnotes":""},"categories":[11],"tags":[],"class_list":["post-23406","post","type-post","status-publish","format-standard","has-post-thumbnail","hentry","category-maerkischer-kreis"],"_links":{"self":[{"href":"https:\/\/www.mk-journal.de\/index.php\/wp-json\/wp\/v2\/posts\/23406","targetHints":{"allow":["GET"]}}],"collection":[{"href":"https:\/\/www.mk-journal.de\/index.php\/wp-json\/wp\/v2\/posts"}],"about":[{"href":"https:\/\/www.mk-journal.de\/index.php\/wp-json\/wp\/v2\/types\/post"}],"author":[{"embeddable":true,"href":"https:\/\/www.mk-journal.de\/index.php\/wp-json\/wp\/v2\/users\/3"}],"replies":[{"embeddable":true,"href":"https:\/\/www.mk-journal.de\/index.php\/wp-json\/wp\/v2\/comments?post=23406"}],"version-history":[{"count":1,"href":"https:\/\/www.mk-journal.de\/index.php\/wp-json\/wp\/v2\/posts\/23406\/revisions"}],"predecessor-version":[{"id":23408,"href":"https:\/\/www.mk-journal.de\/index.php\/wp-json\/wp\/v2\/posts\/23406\/revisions\/23408"}],"wp:featuredmedia":[{"embeddable":true,"href":"https:\/\/www.mk-journal.de\/index.php\/wp-json\/wp\/v2\/media\/23407"}],"wp:attachment":[{"href":"https:\/\/www.mk-journal.de\/index.php\/wp-json\/wp\/v2\/media?parent=23406"}],"wp:term":[{"taxonomy":"category","embeddable":true,"href":"https:\/\/www.mk-journal.de\/index.php\/wp-json\/wp\/v2\/categories?post=23406"},{"taxonomy":"post_tag","embeddable":true,"href":"https:\/\/www.mk-journal.de\/index.php\/wp-json\/wp\/v2\/tags?post=23406"}],"curies":[{"name":"wp","href":"https:\/\/api.w.org\/{rel}","templated":true}]}}