{"id":23414,"date":"2025-12-14T12:22:54","date_gmt":"2025-12-14T10:22:54","guid":{"rendered":"https:\/\/www.mk-journal.de\/?p=23414"},"modified":"2025-12-14T12:22:54","modified_gmt":"2025-12-14T10:22:54","slug":"beirat-fuer-inklusion-konstituiert-sich","status":"publish","type":"post","link":"https:\/\/www.mk-journal.de\/index.php\/2025\/12\/14\/beirat-fuer-inklusion-konstituiert-sich\/","title":{"rendered":"Beirat f\u00fcr Inklusion konstituiert sich"},"content":{"rendered":"<h4>Vorsitz des Gremiums erneut best\u00e4tigt<\/h4>\n<p>(PSI). In seiner konstituierenden Sitzung hat der Beirat f\u00fcr Inklusion der Stadt Iserlohn jetzt die Weichen f\u00fcr die kommende Legislaturperiode gestellt. Das Gremium, das sich aus Vertreterinnen und Vertretern aller Ratsfraktionen und -gruppen, der Wohlfahrtsverb\u00e4nde sowie aus Selbsthilfegruppen und Vereinen zusammensetzt, traf sich im Ratssaal des Rathauses (Schillerplatz 7).<\/p>\n<p><strong>F\u00fcr f\u00fcnf weitere Jahre gew\u00e4hlt<\/strong><\/p>\n<p>Zentraler Tagesordnungspunkt der ersten Sitzung war die Wahl des Vorsitzes. Ohne Gegenstimmen best\u00e4tigten die Beiratsmitglieder Mechthild Starke-Kersting (Interessenverband Contergangesch\u00e4digter) als erste Vorsitzende sowie Mathias Schumann (CDU) als stellvertretenden Vorsitzenden. Beide hatten diese Funktion bereits in der vergangenen f\u00fcnfj\u00e4hrigen Wahlperiode inne.<\/p>\n<p><strong>Beratend in verschiede Aussch\u00fcsse<\/strong><\/p>\n<p>Der Beirat f\u00fcr Inklusion ber\u00e4t Rat, Aussch\u00fcsse und Verwaltung in Fragen, die die Belange von Menschen mit Behinderungen betreffen. Ziel ist es, die gleichberechtigte gesellschaftliche Teilhabe aller Menschen in Iserlohn zu verbessern. Dazu beschloss der Beirat neben der Wahl des Vorsitzes auch die Entsendung beratender Mitglieder in verschiedene politische Aussch\u00fcsse, darunter den Ausschuss f\u00fcr Planung und Stadtentwicklung sowie den Verkehrsausschuss.<\/p>\n<p><strong>Stefan-Haacke-Preis wird vergeben<\/strong><\/p>\n<p>Dar\u00fcber hinaus vergibt das Gremium j\u00e4hrlich den Stefan-Haacke-Preis, mit dem besonderes Engagement f\u00fcr Inklusion in der Waldstadt gew\u00fcrdigt wird. Auch auf Anregung von B\u00fcrgerinnen und B\u00fcrgern werden Projekte durch die ehrenamtlich t\u00e4tigen Mitglieder des Beirates geplant und durchgef\u00fchrt. Weitere Informationen zur Arbeit des Beirates f\u00fcr Inklusion finden Interessierte auf der st\u00e4dtischen Internetseite im Bereich Familie &amp; Soziales \/ Inklusion unter <a href=\"https:\/\/www.iserlohn.de\/familie-soziales\/inklusion\/beirat-fuer-inklusion\">www.iserlohn.de\/familie-soziales\/inklusion\/beirat-fuer-inklusion<\/a>.<\/p>\n","protected":false},"excerpt":{"rendered":"<p>Vorsitz des Gremiums erneut best\u00e4tigt (PSI). In seiner konstituierenden Sitzung  [&#8230;]<\/p>\n","protected":false},"author":3,"featured_media":23415,"comment_status":"closed","ping_status":"closed","sticky":false,"template":"","format":"standard","meta":{"two_page_speed":[],"footnotes":""},"categories":[10],"tags":[],"class_list":["post-23414","post","type-post","status-publish","format-standard","has-post-thumbnail","hentry","category-staedte-und-gemeinden"],"_links":{"self":[{"href":"https:\/\/www.mk-journal.de\/index.php\/wp-json\/wp\/v2\/posts\/23414","targetHints":{"allow":["GET"]}}],"collection":[{"href":"https:\/\/www.mk-journal.de\/index.php\/wp-json\/wp\/v2\/posts"}],"about":[{"href":"https:\/\/www.mk-journal.de\/index.php\/wp-json\/wp\/v2\/types\/post"}],"author":[{"embeddable":true,"href":"https:\/\/www.mk-journal.de\/index.php\/wp-json\/wp\/v2\/users\/3"}],"replies":[{"embeddable":true,"href":"https:\/\/www.mk-journal.de\/index.php\/wp-json\/wp\/v2\/comments?post=23414"}],"version-history":[{"count":1,"href":"https:\/\/www.mk-journal.de\/index.php\/wp-json\/wp\/v2\/posts\/23414\/revisions"}],"predecessor-version":[{"id":23416,"href":"https:\/\/www.mk-journal.de\/index.php\/wp-json\/wp\/v2\/posts\/23414\/revisions\/23416"}],"wp:featuredmedia":[{"embeddable":true,"href":"https:\/\/www.mk-journal.de\/index.php\/wp-json\/wp\/v2\/media\/23415"}],"wp:attachment":[{"href":"https:\/\/www.mk-journal.de\/index.php\/wp-json\/wp\/v2\/media?parent=23414"}],"wp:term":[{"taxonomy":"category","embeddable":true,"href":"https:\/\/www.mk-journal.de\/index.php\/wp-json\/wp\/v2\/categories?post=23414"},{"taxonomy":"post_tag","embeddable":true,"href":"https:\/\/www.mk-journal.de\/index.php\/wp-json\/wp\/v2\/tags?post=23414"}],"curies":[{"name":"wp","href":"https:\/\/api.w.org\/{rel}","templated":true}]}}